{"id":4286,"date":"2022-04-01T09:48:00","date_gmt":"2022-04-01T12:48:00","guid":{"rendered":"https:\/\/prefeitura.santarosa.rs.gov.br\/?p=4286"},"modified":"2024-10-07T09:54:26","modified_gmt":"2024-10-07T12:54:26","slug":"profissionais-de-saude-da-fumssar-realizam-atividade-de-qualificacao","status":"publish","type":"post","link":"https:\/\/prefeitura.santarosa.rs.gov.br\/?p=4286","title":{"rendered":"Profissionais de sa\u00fade da FUMSSAR realizam atividade de qualifica\u00e7\u00e3o"},"content":{"rendered":"\n<p>Essa a\u00e7\u00e3o faz parte do calend\u00e1rio de qualifica\u00e7\u00e3o e capacita\u00e7\u00e3o do NEP para todos os profissionais de sa\u00fade da FUMSSAR.<\/p>\n\n\n\n<p>Nesta semana, os T\u00e9cnicos de Enfermagem e Agentes Comunit\u00e1rios de Sa\u00fade da FUMSSAR, participaram de uma atividade de qualifica\u00e7\u00e3o. A a\u00e7\u00e3o ocorreu no Clube Conc\u00f3rdia e foi realizada pelo N\u00facleo de Ensino e Pesquisa (NEP). O evento teve parceria da FEMA. Mais de 100 profissionais estavam presentes.<br><br>A atividade foi liderada pelo Professor Edinho e pelo fil\u00f3sofo, psic\u00f3logo e te\u00f3logo Dr. Jorge Trevisol que abordaram a tem\u00e1tica: \u201cQualidade de vida no trabalho e na vida pessoal\u201d. O objetivo foi promover a melhoria do ambiente de trabalho e o conv\u00edvio saud\u00e1vel. A Coordenadora do NEP, Fl\u00e1via Albuquerque, destacou import\u00e2ncia e a necessidade de oportunizar espa\u00e7os de reflex\u00e3o e relaxamento, com foco no bem-estar dos profissionais e na qualidade de vida, \u201cEnfatizamos a necessidade de reconhecer o profissional como ser humano e auxili\u00e1-lo no processo de desenvolvimento e autoconhecimento\u201d.<br><br>A Funda\u00e7\u00e3o de Sa\u00fade por meio da equipe do N\u00facleo de Ensino e Pesquisa realizam periodicamente atividades de qualifica\u00e7\u00e3o, com diversos temas para os servidores. Essa a\u00e7\u00e3o faz parte do calend\u00e1rio de qualifica\u00e7\u00e3o e capacita\u00e7\u00e3o do NEP para todos os profissionais de sa\u00fade da FUMSSAR.<\/p>\n","protected":false},"excerpt":{"rendered":"<p>Essa a\u00e7\u00e3o faz parte do calend\u00e1rio de qualifica\u00e7\u00e3o e capacita\u00e7\u00e3o do NEP para todos os profissionais de sa\u00fade da FUMSSAR.<\/p>\n","protected":false},"author":3,"featured_media":4287,"comment_status":"open","ping_status":"open","sticky":false,"template":"","format":"standard","meta":{"footnotes":""},"categories":[4,8],"tags":[],"class_list":["post-4286","post","type-post","status-publish","format-standard","has-post-thumbnail","hentry","category-noticias","category-noticias-fumssar"],"aioseo_notices":[],"_links":{"self":[{"href":"https:\/\/prefeitura.santarosa.rs.gov.br\/index.php?rest_route=\/wp\/v2\/posts\/4286","targetHints":{"allow":["GET"]}}],"collection":[{"href":"https:\/\/prefeitura.santarosa.rs.gov.br\/index.php?rest_route=\/wp\/v2\/posts"}],"about":[{"href":"https:\/\/prefeitura.santarosa.rs.gov.br\/index.php?rest_route=\/wp\/v2\/types\/post"}],"author":[{"embeddable":true,"href":"https:\/\/prefeitura.santarosa.rs.gov.br\/index.php?rest_route=\/wp\/v2\/users\/3"}],"replies":[{"embeddable":true,"href":"https:\/\/prefeitura.santarosa.rs.gov.br\/index.php?rest_route=%2Fwp%2Fv2%2Fcomments&post=4286"}],"version-history":[{"count":1,"href":"https:\/\/prefeitura.santarosa.rs.gov.br\/index.php?rest_route=\/wp\/v2\/posts\/4286\/revisions"}],"predecessor-version":[{"id":4288,"href":"https:\/\/prefeitura.santarosa.rs.gov.br\/index.php?rest_route=\/wp\/v2\/posts\/4286\/revisions\/4288"}],"wp:featuredmedia":[{"embeddable":true,"href":"https:\/\/prefeitura.santarosa.rs.gov.br\/index.php?rest_route=\/wp\/v2\/media\/4287"}],"wp:attachment":[{"href":"https:\/\/prefeitura.santarosa.rs.gov.br\/index.php?rest_route=%2Fwp%2Fv2%2Fmedia&parent=4286"}],"wp:term":[{"taxonomy":"category","embeddable":true,"href":"https:\/\/prefeitura.santarosa.rs.gov.br\/index.php?rest_route=%2Fwp%2Fv2%2Fcategories&post=4286"},{"taxonomy":"post_tag","embeddable":true,"href":"https:\/\/prefeitura.santarosa.rs.gov.br\/index.php?rest_route=%2Fwp%2Fv2%2Ftags&post=4286"}],"curies":[{"name":"wp","href":"https:\/\/api.w.org\/{rel}","templated":true}]}}