{"id":4270,"date":"2022-05-30T18:27:00","date_gmt":"2022-05-30T21:27:00","guid":{"rendered":"https:\/\/prefeitura.santarosa.rs.gov.br\/?p=4270"},"modified":"2024-10-07T09:54:25","modified_gmt":"2024-10-07T12:54:25","slug":"prefeito-de-santa-rosa-participa-de-palestra-em-porto-portugal","status":"publish","type":"post","link":"https:\/\/prefeitura.santarosa.rs.gov.br\/?p=4270","title":{"rendered":"Prefeito de Santa Rosa participa de palestra em Porto \u2013 Portugal"},"content":{"rendered":"\n<p>A palestra trouxe exemplos de como gerar desenvolvimento econ\u00f4mico atrav\u00e9s do turismo e da cultura.<\/p>\n\n\n\n<p>O Prefeito Anderson Mantei, participou nesta segunda-feira (30), junto com outros prefeitos ga\u00fachos e gestores, de uma palestra com o Diretor do Museu Nacional Soares dos Reis, em Porto \u2013 Portugal. Este foi o primeiro dia da Miss\u00e3o Internacional realizada pela Federa\u00e7\u00e3o das Associa\u00e7\u00f5es de Munic\u00edpios do Rio Grande do Sul (Famurs) e o Minist\u00e9rio da Economia. Os l\u00edderes tiveram a oportunidade de aprender mais sobre o implemento tur\u00edstico e cultural de Porto e tamb\u00e9m de outras regi\u00f5es de Portugal.<br><br>A palestra trouxe exemplos de como gerar desenvolvimento econ\u00f4mico atrav\u00e9s do turismo e da cultura. O Prefeito de Santa Rosa, Anderson Mantei, falou sobre as primeiras atividades da Miss\u00e3o, \u201cDia muito produtivo, porque n\u00f3s recebemos estes ensinamentos na academia. Enxergamos Santa Rosa como potencial tur\u00edstico e cultural e vamos com um planejamento e o conhecimento adquirido aqui, tornar nossa cidade, o ber\u00e7o nacional da soja, uma refer\u00eancia nessas \u00e1reas, gerando resultados econ\u00f4micos e de desenvolvimento\u201d. A expedi\u00e7\u00e3o segue nesta ter\u00e7a-feira (31), para Lisboa. A comitiva vai conhecer a ag\u00eancia de desenvolvimento da capital de Portugal.<\/p>\n","protected":false},"excerpt":{"rendered":"<p>A palestra trouxe exemplos de como gerar desenvolvimento econ\u00f4mico atrav\u00e9s do turismo e da cultura. O Prefeito Anderson Mantei, participou<\/p>\n","protected":false},"author":3,"featured_media":4271,"comment_status":"open","ping_status":"open","sticky":false,"template":"","format":"standard","meta":{"footnotes":""},"categories":[4,3],"tags":[],"class_list":["post-4270","post","type-post","status-publish","format-standard","has-post-thumbnail","hentry","category-noticias","category-gabinete-do-prefeito"],"aioseo_notices":[],"_links":{"self":[{"href":"https:\/\/prefeitura.santarosa.rs.gov.br\/index.php?rest_route=\/wp\/v2\/posts\/4270","targetHints":{"allow":["GET"]}}],"collection":[{"href":"https:\/\/prefeitura.santarosa.rs.gov.br\/index.php?rest_route=\/wp\/v2\/posts"}],"about":[{"href":"https:\/\/prefeitura.santarosa.rs.gov.br\/index.php?rest_route=\/wp\/v2\/types\/post"}],"author":[{"embeddable":true,"href":"https:\/\/prefeitura.santarosa.rs.gov.br\/index.php?rest_route=\/wp\/v2\/users\/3"}],"replies":[{"embeddable":true,"href":"https:\/\/prefeitura.santarosa.rs.gov.br\/index.php?rest_route=%2Fwp%2Fv2%2Fcomments&post=4270"}],"version-history":[{"count":1,"href":"https:\/\/prefeitura.santarosa.rs.gov.br\/index.php?rest_route=\/wp\/v2\/posts\/4270\/revisions"}],"predecessor-version":[{"id":4272,"href":"https:\/\/prefeitura.santarosa.rs.gov.br\/index.php?rest_route=\/wp\/v2\/posts\/4270\/revisions\/4272"}],"wp:featuredmedia":[{"embeddable":true,"href":"https:\/\/prefeitura.santarosa.rs.gov.br\/index.php?rest_route=\/wp\/v2\/media\/4271"}],"wp:attachment":[{"href":"https:\/\/prefeitura.santarosa.rs.gov.br\/index.php?rest_route=%2Fwp%2Fv2%2Fmedia&parent=4270"}],"wp:term":[{"taxonomy":"category","embeddable":true,"href":"https:\/\/prefeitura.santarosa.rs.gov.br\/index.php?rest_route=%2Fwp%2Fv2%2Fcategories&post=4270"},{"taxonomy":"post_tag","embeddable":true,"href":"https:\/\/prefeitura.santarosa.rs.gov.br\/index.php?rest_route=%2Fwp%2Fv2%2Ftags&post=4270"}],"curies":[{"name":"wp","href":"https:\/\/api.w.org\/{rel}","templated":true}]}}