{"id":4244,"date":"2022-05-27T09:40:00","date_gmt":"2022-05-27T12:40:00","guid":{"rendered":"https:\/\/prefeitura.santarosa.rs.gov.br\/?p=4244"},"modified":"2024-10-07T09:54:25","modified_gmt":"2024-10-07T12:54:25","slug":"saude-mental-na-adolescencia-e-tema-de-evento-realizado-pela-fumssar","status":"publish","type":"post","link":"https:\/\/prefeitura.santarosa.rs.gov.br\/?p=4244","title":{"rendered":"Sa\u00fade mental na adolesc\u00eancia \u00e9 tema de evento realizado pela FUMSSAR"},"content":{"rendered":"\n<p>O evento contou com apresenta\u00e7\u00f5es musicais dos pacientes dos CAPS II e CAPS AD e palestras<\/p>\n\n\n\n<p>A Funda\u00e7\u00e3o Municipal de Sa\u00fade de Santa Rosa por meio da equipe do CAPS II &#8211; Novo Rumo realizou nesta quarta-feira (25), um evento sobre sa\u00fade mental na adolesc\u00eancia. O encontro aconteceu no audit\u00f3rio da UNIJU\u00cd, com a parceria da Secretaria de Educa\u00e7\u00e3o e Cultura. Estavam presentes profissionais da sa\u00fade e educa\u00e7\u00e3o. O evento contou com apresenta\u00e7\u00f5es musicais dos pacientes dos CAPS II e CAPS AD e palestras com o tema: Sa\u00fade Mental na Adolesc\u00eancia: precisamos falar sobre isso.<br><br>A primeira palestra foi com as psic\u00f3logas Adriane Soares Alpe, do CAPS II Novo Rumo e Camila Heck, da Secretaria de Educa\u00e7\u00e3o e Cultura. As profissionais falaram sobre como funcionam os atendimentos nas escolas, quais s\u00e3o os fatores de risco e trouxeram dados que mostraram um significativo aumento de adolescentes que tentaram o suic\u00eddio ou a autoles\u00e3o durante e ap\u00f3s o per\u00edodo da pandemia da COVID-19. O Presidente da FUMSSAR, D\u00e9lcio Stefan destacou a import\u00e2ncia do tema para o momento atual, \u201cEsse \u00e9 um assunto que precisa ser debatido com professores, profissionais da sa\u00fade e pais. Precisamos construir novas estrat\u00e9gias de abordagem em sa\u00fade mental para os adolescentes, juntamente com as suas fam\u00edlias. Nossa miss\u00e3o \u00e9 oportunizar um espa\u00e7o de escuta e acolhimento, evitando e prevenindo assim, os casos de suic\u00eddio e de autoles\u00e3o\u201d.<br><br>A Psic\u00f3loga e Psicoterapeuta Karen Scavacini, tamb\u00e9m realizou uma palestra, de forma online, sobre o tema: \u201cRisco de suic\u00eddio e autoles\u00e3o na adolesc\u00eancia\u201d. Idealizadora, cofundadora, coordenadora e respons\u00e1vel t\u00e9cnica do Instituto Vita Alere de Preven\u00e7\u00e3o e Posven\u00e7\u00e3o do Suic\u00eddio, a palestrante refor\u00e7ou a import\u00e2ncia de os profissionais observarem os fatores de risco nos adolescentes. Al\u00e9m disso, a psic\u00f3loga falou sobre os \u00faltimos estudos realizados no Brasil e no mundo e as estrat\u00e9gias que est\u00e3o sendo adotadas para prevenir o suic\u00eddio e a autoles\u00e3o nesta faixa et\u00e1ria.<\/p>\n","protected":false},"excerpt":{"rendered":"<p>O evento contou com apresenta\u00e7\u00f5es musicais dos pacientes dos CAPS II e CAPS AD e palestras A Funda\u00e7\u00e3o Municipal de<\/p>\n","protected":false},"author":3,"featured_media":4245,"comment_status":"open","ping_status":"open","sticky":false,"template":"","format":"standard","meta":{"footnotes":""},"categories":[4,8],"tags":[],"class_list":["post-4244","post","type-post","status-publish","format-standard","has-post-thumbnail","hentry","category-noticias","category-noticias-fumssar"],"aioseo_notices":[],"_links":{"self":[{"href":"https:\/\/prefeitura.santarosa.rs.gov.br\/index.php?rest_route=\/wp\/v2\/posts\/4244","targetHints":{"allow":["GET"]}}],"collection":[{"href":"https:\/\/prefeitura.santarosa.rs.gov.br\/index.php?rest_route=\/wp\/v2\/posts"}],"about":[{"href":"https:\/\/prefeitura.santarosa.rs.gov.br\/index.php?rest_route=\/wp\/v2\/types\/post"}],"author":[{"embeddable":true,"href":"https:\/\/prefeitura.santarosa.rs.gov.br\/index.php?rest_route=\/wp\/v2\/users\/3"}],"replies":[{"embeddable":true,"href":"https:\/\/prefeitura.santarosa.rs.gov.br\/index.php?rest_route=%2Fwp%2Fv2%2Fcomments&post=4244"}],"version-history":[{"count":1,"href":"https:\/\/prefeitura.santarosa.rs.gov.br\/index.php?rest_route=\/wp\/v2\/posts\/4244\/revisions"}],"predecessor-version":[{"id":4246,"href":"https:\/\/prefeitura.santarosa.rs.gov.br\/index.php?rest_route=\/wp\/v2\/posts\/4244\/revisions\/4246"}],"wp:featuredmedia":[{"embeddable":true,"href":"https:\/\/prefeitura.santarosa.rs.gov.br\/index.php?rest_route=\/wp\/v2\/media\/4245"}],"wp:attachment":[{"href":"https:\/\/prefeitura.santarosa.rs.gov.br\/index.php?rest_route=%2Fwp%2Fv2%2Fmedia&parent=4244"}],"wp:term":[{"taxonomy":"category","embeddable":true,"href":"https:\/\/prefeitura.santarosa.rs.gov.br\/index.php?rest_route=%2Fwp%2Fv2%2Fcategories&post=4244"},{"taxonomy":"post_tag","embeddable":true,"href":"https:\/\/prefeitura.santarosa.rs.gov.br\/index.php?rest_route=%2Fwp%2Fv2%2Ftags&post=4244"}],"curies":[{"name":"wp","href":"https:\/\/api.w.org\/{rel}","templated":true}]}}