{"id":4210,"date":"2022-05-23T16:17:00","date_gmt":"2022-05-23T19:17:00","guid":{"rendered":"https:\/\/prefeitura.santarosa.rs.gov.br\/?p=4210"},"modified":"2024-10-07T09:54:25","modified_gmt":"2024-10-07T12:54:25","slug":"prefeito-recebe-licenca-ambiental-para-novo-aeroporto-de-santa-rosa","status":"publish","type":"post","link":"https:\/\/prefeitura.santarosa.rs.gov.br\/?p=4210","title":{"rendered":"Prefeito recebe licen\u00e7a ambiental para Novo Aeroporto de Santa Rosa"},"content":{"rendered":"\n<p>O projeto de amplia\u00e7\u00e3o contempla o aumento da pista de pouso e a constru\u00e7\u00e3o de um novo e moderno terminal de passageiros.<\/p>\n\n\n\n<p>O Prefeito Anderson Mantei anunciou na manh\u00e3 desta segunda-feira (23), que o munic\u00edpio recebeu a autoriza\u00e7\u00e3o ambiental para as obras de amplia\u00e7\u00e3o do novo Aeroporto de Santa Rosa. A not\u00edcia veio atrav\u00e9s da Secret\u00e1ria Estadual do Meio Ambiente, Marjorie Kauffmann. A Fepam &#8211; Funda\u00e7\u00e3o Estadual de Prote\u00e7\u00e3o Ambiental do Estado do Rio Grande do Sul liberou a licen\u00e7a ambiental, permitindo que novas etapas do projeto sejam encaminhadas. Essa demanda tem o empenho de muitos anos do Deputado Federal Osmar Terra, lideran\u00e7as regionais, entidades locais, do Deputado Estadual Ernani Polo e desde janeiro de 2021 do Prefeito. Na \u00faltima semana, Anderson esteve em Porto Alegre, nos dias 17 e 18 de maio tratando sobre a libera\u00e7\u00e3o.<br><br>A partir de agora, com a aprova\u00e7\u00e3o ambiental, a Prefeitura de Santa Rosa vai dar continuidade na finaliza\u00e7\u00e3o do projeto de amplia\u00e7\u00e3o, junto \u00e0 SAC &#8211; Secretaria de Avia\u00e7\u00e3o Civil e encaminhar o edital para licita\u00e7\u00e3o das obras. Para que isso seja poss\u00edvel, a Prefeitura est\u00e1 em processo de compra de 38 hectares no entorno do aeroporto. Estas \u00e1reas ser\u00e3o desapropriadas e o pagamento da indeniza\u00e7\u00e3o vai ser realizado com recursos pr\u00f3prios do munic\u00edpio. O Prefeito Anderson Mantei destacou a import\u00e2ncia deste projeto para a cidade e toda a regi\u00e3o noroeste, \u201cEste \u00e9 um sonho e um projeto que vem sendo buscado por anos e finalmente estamos pr\u00f3ximos de alcan\u00e7ar. Nosso compromisso como gestores \u00e9 apoiar, e estamos fazendo um grande esfor\u00e7o para agilizar ao m\u00e1ximo este processo que vai contar com recursos pr\u00f3prios do munic\u00edpio. \u00c9 uma grande conquista para Santa Rosa e toda a regi\u00e3o noroeste. Vamos encurtar dist\u00e2ncias, melhorar a infraestrutura, proporcionar mais seguran\u00e7a e promover ainda mais, o desenvolvimento da nossa cidade\u201d.<br><br>O projeto de amplia\u00e7\u00e3o contempla o aumento da pista de pouso e a constru\u00e7\u00e3o de um novo e moderno terminal de passageiros. Ap\u00f3s finalizadas as obras, o novo Aeroporto de Santa Rosa ir\u00e1 comportar aeronaves de at\u00e9 125 passageiros. A pista que atualmente \u00e9 de 1.230 metros, vai passar para 1.630 metros. Esses 400 metros a mais, v\u00e3o possibilitar que avi\u00f5es de at\u00e9 125 passageiros realizem pousos no aeroporto. O novo e moderno terminal de passageiros ter\u00e1 1.000m\u00b2. O valor estimado das obras \u00e9 de R$50 milh\u00f5es, sendo R$39 milh\u00f5es para a amplia\u00e7\u00e3o da pista e R$11 milh\u00f5es para o novo terminal de passageiros. Para 2022, o munic\u00edpio j\u00e1 tem reservado uma verba de R$20 milh\u00f5es no Minist\u00e9rio da Infraestrutura. Os pr\u00f3ximos recursos v\u00e3o ser liberados conforme o avan\u00e7o da obra.<\/p>\n","protected":false},"excerpt":{"rendered":"<p>O projeto de amplia\u00e7\u00e3o contempla o aumento da pista de pouso e a constru\u00e7\u00e3o de um novo e moderno terminal<\/p>\n","protected":false},"author":3,"featured_media":4211,"comment_status":"open","ping_status":"open","sticky":false,"template":"","format":"standard","meta":{"footnotes":""},"categories":[4,3],"tags":[],"class_list":["post-4210","post","type-post","status-publish","format-standard","has-post-thumbnail","hentry","category-noticias","category-gabinete-do-prefeito"],"aioseo_notices":[],"_links":{"self":[{"href":"https:\/\/prefeitura.santarosa.rs.gov.br\/index.php?rest_route=\/wp\/v2\/posts\/4210","targetHints":{"allow":["GET"]}}],"collection":[{"href":"https:\/\/prefeitura.santarosa.rs.gov.br\/index.php?rest_route=\/wp\/v2\/posts"}],"about":[{"href":"https:\/\/prefeitura.santarosa.rs.gov.br\/index.php?rest_route=\/wp\/v2\/types\/post"}],"author":[{"embeddable":true,"href":"https:\/\/prefeitura.santarosa.rs.gov.br\/index.php?rest_route=\/wp\/v2\/users\/3"}],"replies":[{"embeddable":true,"href":"https:\/\/prefeitura.santarosa.rs.gov.br\/index.php?rest_route=%2Fwp%2Fv2%2Fcomments&post=4210"}],"version-history":[{"count":1,"href":"https:\/\/prefeitura.santarosa.rs.gov.br\/index.php?rest_route=\/wp\/v2\/posts\/4210\/revisions"}],"predecessor-version":[{"id":4212,"href":"https:\/\/prefeitura.santarosa.rs.gov.br\/index.php?rest_route=\/wp\/v2\/posts\/4210\/revisions\/4212"}],"wp:featuredmedia":[{"embeddable":true,"href":"https:\/\/prefeitura.santarosa.rs.gov.br\/index.php?rest_route=\/wp\/v2\/media\/4211"}],"wp:attachment":[{"href":"https:\/\/prefeitura.santarosa.rs.gov.br\/index.php?rest_route=%2Fwp%2Fv2%2Fmedia&parent=4210"}],"wp:term":[{"taxonomy":"category","embeddable":true,"href":"https:\/\/prefeitura.santarosa.rs.gov.br\/index.php?rest_route=%2Fwp%2Fv2%2Fcategories&post=4210"},{"taxonomy":"post_tag","embeddable":true,"href":"https:\/\/prefeitura.santarosa.rs.gov.br\/index.php?rest_route=%2Fwp%2Fv2%2Ftags&post=4210"}],"curies":[{"name":"wp","href":"https:\/\/api.w.org\/{rel}","templated":true}]}}