{"id":4168,"date":"2022-05-17T14:41:00","date_gmt":"2022-05-17T17:41:00","guid":{"rendered":"https:\/\/prefeitura.santarosa.rs.gov.br\/?p=4168"},"modified":"2024-10-07T09:54:25","modified_gmt":"2024-10-07T12:54:25","slug":"prefeitura-recebe-doacao-da-alibem","status":"publish","type":"post","link":"https:\/\/prefeitura.santarosa.rs.gov.br\/?p=4168","title":{"rendered":"Prefeitura recebe doa\u00e7\u00e3o da Alibem"},"content":{"rendered":"\n<p>Desde 2004, a empresa destina doa\u00e7\u00f5es para a comunidade.<\/p>\n\n\n\n<p>O inverno se aproxima e com ele, atitudes de solidariedade. A Prefeitura recebeu mais uma importante doa\u00e7\u00e3o realizada pela Alibem. A empresa entregou para o munic\u00edpio, 100 cobertores e 102 toalhas. O material vai ser destinado para a Secretaria de Desenvolvimento Social para fam\u00edlias em situa\u00e7\u00e3o de vulnerabilidade. Os secret\u00e1rios municipais tamb\u00e9m participaram do ato.<br><br>O superintendente de Opera\u00e7\u00f5es da Alibem Alimentos, Juscelino Gon\u00e7alves destacou que a empresa est\u00e1 sempre atenta para as necessidades dos munic\u00edpios, \u201cN\u00f3s desejamos que esses cobertores ajudem a aquecer quem mais precisa, nesse inverno que est\u00e1 chegando\u201d. Desde 2004, a empresa destina doa\u00e7\u00f5es para a comunidade. Na oportunidade, o prefeito Anderson agradeceu a Alibem que sempre tem colaborado com o munic\u00edpio, \u201cNosso agradecimento por esse gesto generoso e solid\u00e1rio, nesse per\u00edodo em que tantas pessoas necessitam de ajuda e de doa\u00e7\u00f5es\u201d. Todos os anos, a Prefeitura de Santa Rosa realiza a Campanha do Agasalho. As pessoas que desejam ajudar, podem deixar as doa\u00e7\u00f5es nos pontos de coleta do munic\u00edpio.<\/p>\n","protected":false},"excerpt":{"rendered":"<p>Desde 2004, a empresa destina doa\u00e7\u00f5es para a comunidade. O inverno se aproxima e com ele, atitudes de solidariedade. A<\/p>\n","protected":false},"author":3,"featured_media":4169,"comment_status":"open","ping_status":"open","sticky":false,"template":"","format":"standard","meta":{"footnotes":""},"categories":[4,17],"tags":[],"class_list":["post-4168","post","type-post","status-publish","format-standard","has-post-thumbnail","hentry","category-noticias","category-secretaria-municipal-de-desenvolvimento-social"],"aioseo_notices":[],"_links":{"self":[{"href":"https:\/\/prefeitura.santarosa.rs.gov.br\/index.php?rest_route=\/wp\/v2\/posts\/4168","targetHints":{"allow":["GET"]}}],"collection":[{"href":"https:\/\/prefeitura.santarosa.rs.gov.br\/index.php?rest_route=\/wp\/v2\/posts"}],"about":[{"href":"https:\/\/prefeitura.santarosa.rs.gov.br\/index.php?rest_route=\/wp\/v2\/types\/post"}],"author":[{"embeddable":true,"href":"https:\/\/prefeitura.santarosa.rs.gov.br\/index.php?rest_route=\/wp\/v2\/users\/3"}],"replies":[{"embeddable":true,"href":"https:\/\/prefeitura.santarosa.rs.gov.br\/index.php?rest_route=%2Fwp%2Fv2%2Fcomments&post=4168"}],"version-history":[{"count":1,"href":"https:\/\/prefeitura.santarosa.rs.gov.br\/index.php?rest_route=\/wp\/v2\/posts\/4168\/revisions"}],"predecessor-version":[{"id":4170,"href":"https:\/\/prefeitura.santarosa.rs.gov.br\/index.php?rest_route=\/wp\/v2\/posts\/4168\/revisions\/4170"}],"wp:featuredmedia":[{"embeddable":true,"href":"https:\/\/prefeitura.santarosa.rs.gov.br\/index.php?rest_route=\/wp\/v2\/media\/4169"}],"wp:attachment":[{"href":"https:\/\/prefeitura.santarosa.rs.gov.br\/index.php?rest_route=%2Fwp%2Fv2%2Fmedia&parent=4168"}],"wp:term":[{"taxonomy":"category","embeddable":true,"href":"https:\/\/prefeitura.santarosa.rs.gov.br\/index.php?rest_route=%2Fwp%2Fv2%2Fcategories&post=4168"},{"taxonomy":"post_tag","embeddable":true,"href":"https:\/\/prefeitura.santarosa.rs.gov.br\/index.php?rest_route=%2Fwp%2Fv2%2Ftags&post=4168"}],"curies":[{"name":"wp","href":"https:\/\/api.w.org\/{rel}","templated":true}]}}