{"id":4141,"date":"2022-05-10T17:16:00","date_gmt":"2022-05-10T20:16:00","guid":{"rendered":"https:\/\/prefeitura.santarosa.rs.gov.br\/?p=4141"},"modified":"2024-10-07T09:54:25","modified_gmt":"2024-10-07T12:54:25","slug":"estudantes-visitam-o-viveiro-municipal","status":"publish","type":"post","link":"https:\/\/prefeitura.santarosa.rs.gov.br\/?p=4141","title":{"rendered":"Estudantes visitam o Viveiro Municipal"},"content":{"rendered":"\n<p>Na visita, os alunos conheceram tamb\u00e9m, as principais esp\u00e9cies cultivadas no Viveiro Municipal, interagindo e entendendo o que s\u00e3o esp\u00e9cies nativas e ex\u00f3ticas, quais esp\u00e9cies s\u00e3o adequadas para arboriza\u00e7\u00e3o urbana e usos na recupera\u00e7\u00e3o de \u00e1reas degradadas e reflorestamentos.<\/p>\n\n\n\n<p>Conhecer o trabalho realizado pela Secretaria Municipal de Meio Ambiente no Viveiro de Santa Rosa. Esse foi o objetivo da visita de alunos da E.M.E.F Nossa Senhora da Gl\u00f3ria. O momento faz parte de um projeto do Sicredi, \u201cA uni\u00e3o faz a vida\u201d, do qual a escola est\u00e1 participando. O roteiro foi conduzido pela Coordenadora do Viveiro Municipal, Engenheira Florestal, Ana Paula Jung, juntamente com os servidores viveiristas, Vilson Borchat e Robinson Hubner.<\/p>\n\n\n\n<p>No in\u00edcio do ano letivo, os alunos fizeram a leitura de um livro chamado: \u201cA \u00e1rvore que dava dinheiro\u201d, orientado pela Professora de L\u00edngua Portuguesa, Eli Beatriz da Rosa e do Professor de Artes, Solano Beltrame. No Viveiro, os estudantes tiveram explica\u00e7\u00f5es sobre a arboriza\u00e7\u00e3o urbana, como acontecem as an\u00e1lises para autoriza\u00e7\u00f5es de podas e retirada de \u00e1rvores, a escolha correta de esp\u00e9cies para cada espa\u00e7o, que evitam conflitos com a fia\u00e7\u00e3o el\u00e9trica e danos \u00e0s cal\u00e7adas no passeio p\u00fablico, entre outros saberes. O Secret\u00e1rio do Meio Ambiente, Jo\u00e3o Carlos de Castro Dorneles, agradeceu a visita ao Viveiro Municipal e parabenizou a iniciativa do Sicredi e a dedica\u00e7\u00e3o dos professores da escola com o projeto que visa o cuidado com o Meio Ambiente, \u201c\u00c9 uma alegria imensa receb\u00ea-los e estamos sempre \u00e0 disposi\u00e7\u00e3o para contribuir com os projetos ambientais das escolas e demais entidades\u201d.<\/p>\n\n\n\n<p>Na visita, os alunos conheceram tamb\u00e9m, as principais esp\u00e9cies cultivadas no Viveiro Municipal, interagindo e entendendo o que s\u00e3o esp\u00e9cies nativas e ex\u00f3ticas, quais esp\u00e9cies s\u00e3o adequadas para arboriza\u00e7\u00e3o urbana e usos na recupera\u00e7\u00e3o de \u00e1reas degradadas e reflorestamentos. Al\u00e9m disso, houve um momento para falar sobre as curiosidades das plantas e caracter\u00edsticas na identifica\u00e7\u00e3o das esp\u00e9cies arb\u00f3reas, coleta, armazenamento e germina\u00e7\u00e3o de sementes. A Coordenadora do Viveiro Municipal, Ana Paula Jung, destacou a import\u00e2ncia de apresentar o universo das plantas para o p\u00fablico jovem, \u201cO conhecimento a respeito da nossa flora e natureza \u00e9 fundamental, pois s\u00f3 quem conhece se importa e passa a cuidar mais\u201d.<\/p>\n\n\n\n<p>Os viveiristas tamb\u00e9m falaram para a turma sobre o cultivo das mudas e cuidados com irriga\u00e7\u00e3o, aduba\u00e7\u00e3o e demais atividades que realizam desde a coleta de sementes nas \u00e1rvores at\u00e9 a expedi\u00e7\u00e3o das mudas ao campo e fornecimento para a popula\u00e7\u00e3o. Para finalizar a visita ao Viveiro, os alunos tiveram a oportunidade de realizar o plantio de sementes da esp\u00e9cie Moringa e foram presenteados com uma muda para fazer o plantio no p\u00e1tio da escola.<\/p>\n","protected":false},"excerpt":{"rendered":"<p>Na visita, os alunos conheceram tamb\u00e9m, as principais esp\u00e9cies cultivadas no Viveiro Municipal, interagindo e entendendo o que s\u00e3o esp\u00e9cies<\/p>\n","protected":false},"author":3,"featured_media":4142,"comment_status":"open","ping_status":"open","sticky":false,"template":"","format":"standard","meta":{"footnotes":""},"categories":[4,20],"tags":[],"class_list":["post-4141","post","type-post","status-publish","format-standard","has-post-thumbnail","hentry","category-noticias","category-secretaria-municipal-de-meio-ambiente"],"aioseo_notices":[],"_links":{"self":[{"href":"https:\/\/prefeitura.santarosa.rs.gov.br\/index.php?rest_route=\/wp\/v2\/posts\/4141","targetHints":{"allow":["GET"]}}],"collection":[{"href":"https:\/\/prefeitura.santarosa.rs.gov.br\/index.php?rest_route=\/wp\/v2\/posts"}],"about":[{"href":"https:\/\/prefeitura.santarosa.rs.gov.br\/index.php?rest_route=\/wp\/v2\/types\/post"}],"author":[{"embeddable":true,"href":"https:\/\/prefeitura.santarosa.rs.gov.br\/index.php?rest_route=\/wp\/v2\/users\/3"}],"replies":[{"embeddable":true,"href":"https:\/\/prefeitura.santarosa.rs.gov.br\/index.php?rest_route=%2Fwp%2Fv2%2Fcomments&post=4141"}],"version-history":[{"count":1,"href":"https:\/\/prefeitura.santarosa.rs.gov.br\/index.php?rest_route=\/wp\/v2\/posts\/4141\/revisions"}],"predecessor-version":[{"id":4143,"href":"https:\/\/prefeitura.santarosa.rs.gov.br\/index.php?rest_route=\/wp\/v2\/posts\/4141\/revisions\/4143"}],"wp:featuredmedia":[{"embeddable":true,"href":"https:\/\/prefeitura.santarosa.rs.gov.br\/index.php?rest_route=\/wp\/v2\/media\/4142"}],"wp:attachment":[{"href":"https:\/\/prefeitura.santarosa.rs.gov.br\/index.php?rest_route=%2Fwp%2Fv2%2Fmedia&parent=4141"}],"wp:term":[{"taxonomy":"category","embeddable":true,"href":"https:\/\/prefeitura.santarosa.rs.gov.br\/index.php?rest_route=%2Fwp%2Fv2%2Fcategories&post=4141"},{"taxonomy":"post_tag","embeddable":true,"href":"https:\/\/prefeitura.santarosa.rs.gov.br\/index.php?rest_route=%2Fwp%2Fv2%2Ftags&post=4141"}],"curies":[{"name":"wp","href":"https:\/\/api.w.org\/{rel}","templated":true}]}}