{"id":4132,"date":"2022-05-09T15:54:00","date_gmt":"2022-05-09T18:54:00","guid":{"rendered":"https:\/\/prefeitura.santarosa.rs.gov.br\/?p=4132"},"modified":"2024-10-07T09:54:25","modified_gmt":"2024-10-07T12:54:25","slug":"informativo-5","status":"publish","type":"post","link":"https:\/\/prefeitura.santarosa.rs.gov.br\/?p=4132","title":{"rendered":"INFORMATIVO"},"content":{"rendered":"\n<p>Informativo INFLUENZA, COVID e DENGUE<\/p>\n\n\n\n<p>INFLUENZA:<br>Grupos priorit\u00e1rios podem se vacinar contra a Gripe<\/p>\n\n\n\n<p>A 24\u00aa Campanha Nacional de Vacina\u00e7\u00e3o contra o v\u00edrus Influenza (gripe) vai at\u00e9 o dia 03 de junho. A imuniza\u00e7\u00e3o pode ser realizada em todas as Unidades B\u00e1sicas de Sa\u00fade. Podem se vacinar: Idosos a partir dos 60 anos, trabalhadores da sa\u00fade, crian\u00e7as de 06 meses at\u00e9 4 anos, 11 meses e 29 dias, gestantes e pu\u00e9rperas, povos ind\u00edgenas, trabalhadores da educa\u00e7\u00e3o, pessoas com defici\u00eancia permanente e comorbidades, caminhoneiros, trabalhadores de transporte coletivo rodovi\u00e1rio para passageiros urbanos e de longo curso, trabalhadores portu\u00e1rios, integrantes das For\u00e7as Armadas, de seguran\u00e7a e de salvamento, funcion\u00e1rios do sistema prisional, popula\u00e7\u00e3o privada de liberdade e adolescentes e jovens em medidas socioeducativas.<\/p>\n\n\n\n<p>A aplica\u00e7\u00e3o n\u00e3o precisa ser agendada previamente, o atendimento ocorre por ordem de chegada. A FUMSSAR informa tamb\u00e9m, que caso o cidad\u00e3o tenha positivado para COVID-19 nos \u00faltimos dias, deve aguardar a melhora do quadro cl\u00ednico para realizar a vacina\u00e7\u00e3o contra a gripe. Todos que forem se vacinar, precisam levar documento com foto ou certid\u00e3o de nascimento e a caderneta de vacina\u00e7\u00e3o.<\/p>\n\n\n\n<p>COVID-19:<\/p>\n\n\n\n<p>A FUMSSAR informa que a partir desta segunda-feira (09), a segunda dose de Refor\u00e7o (DR2), passa a ser aplicada em idosos a partir dos 70 anos. A nova aplica\u00e7\u00e3o \u00e9 recomendada quatro meses ap\u00f3s a primeira dose de refor\u00e7o. Caso o idoso estiver com alguma outra dose em atraso, deve primeiro completar o esquema (prim\u00e1rio ou refor\u00e7o), dentro dos prazos estabelecidos. A quarta dose vai ser aplicada na Central de Vacinas. A vacina\u00e7\u00e3o contra a COVID-19 na Central de Vacinas \u00e9 realizada no turno da tarde. O atendimento acontece das 13h30min \u00e0s 17h, de segunda a sexta-feira.<\/p>\n\n\n\n<p>DENGUE:<\/p>\n\n\n\n<p>No per\u00edodo epidemiol\u00f3gico registrado do in\u00edcio do ano, at\u00e9 esta segunda-feira (09), Santa Rosa teve 1.937 notifica\u00e7\u00f5es do v\u00edrus, sendo 709 casos confirmados e 1.197 em investiga\u00e7\u00e3o. Das confirma\u00e7\u00f5es, 705 casos s\u00e3o aut\u00f3ctones (casos que as pessoas contra\u00edram o v\u00edrus em Santa Rosa) e 04 importados (contra\u00eddos fora do munic\u00edpio). A FUMSSAR segue realizando a\u00e7\u00f5es de preven\u00e7\u00e3o no combate \u00e0 Dengue e orienta a popula\u00e7\u00e3o para que fa\u00e7a uso do repelente. Caso sejam observados sintomas da doen\u00e7a, o cidad\u00e3o deve manter a hidrata\u00e7\u00e3o e procurar a Unidade B\u00e1sica de Sa\u00fade de refer\u00eancia. Se houver algum sintoma grave, o mesmo deve dirigir-se \u00e0 Unidade de Pronto Atendimento (UPA).<\/p>\n","protected":false},"excerpt":{"rendered":"<p>Informativo INFLUENZA, COVID e DENGUE INFLUENZA:Grupos priorit\u00e1rios podem se vacinar contra a Gripe A 24\u00aa Campanha Nacional de Vacina\u00e7\u00e3o contra<\/p>\n","protected":false},"author":3,"featured_media":4133,"comment_status":"open","ping_status":"open","sticky":false,"template":"","format":"standard","meta":{"footnotes":""},"categories":[4,8],"tags":[],"class_list":["post-4132","post","type-post","status-publish","format-standard","has-post-thumbnail","hentry","category-noticias","category-noticias-fumssar"],"aioseo_notices":[],"_links":{"self":[{"href":"https:\/\/prefeitura.santarosa.rs.gov.br\/index.php?rest_route=\/wp\/v2\/posts\/4132","targetHints":{"allow":["GET"]}}],"collection":[{"href":"https:\/\/prefeitura.santarosa.rs.gov.br\/index.php?rest_route=\/wp\/v2\/posts"}],"about":[{"href":"https:\/\/prefeitura.santarosa.rs.gov.br\/index.php?rest_route=\/wp\/v2\/types\/post"}],"author":[{"embeddable":true,"href":"https:\/\/prefeitura.santarosa.rs.gov.br\/index.php?rest_route=\/wp\/v2\/users\/3"}],"replies":[{"embeddable":true,"href":"https:\/\/prefeitura.santarosa.rs.gov.br\/index.php?rest_route=%2Fwp%2Fv2%2Fcomments&post=4132"}],"version-history":[{"count":1,"href":"https:\/\/prefeitura.santarosa.rs.gov.br\/index.php?rest_route=\/wp\/v2\/posts\/4132\/revisions"}],"predecessor-version":[{"id":4134,"href":"https:\/\/prefeitura.santarosa.rs.gov.br\/index.php?rest_route=\/wp\/v2\/posts\/4132\/revisions\/4134"}],"wp:featuredmedia":[{"embeddable":true,"href":"https:\/\/prefeitura.santarosa.rs.gov.br\/index.php?rest_route=\/wp\/v2\/media\/4133"}],"wp:attachment":[{"href":"https:\/\/prefeitura.santarosa.rs.gov.br\/index.php?rest_route=%2Fwp%2Fv2%2Fmedia&parent=4132"}],"wp:term":[{"taxonomy":"category","embeddable":true,"href":"https:\/\/prefeitura.santarosa.rs.gov.br\/index.php?rest_route=%2Fwp%2Fv2%2Fcategories&post=4132"},{"taxonomy":"post_tag","embeddable":true,"href":"https:\/\/prefeitura.santarosa.rs.gov.br\/index.php?rest_route=%2Fwp%2Fv2%2Ftags&post=4132"}],"curies":[{"name":"wp","href":"https:\/\/api.w.org\/{rel}","templated":true}]}}