{"id":413,"date":"2021-06-08T17:31:00","date_gmt":"2021-06-08T20:31:00","guid":{"rendered":"https:\/\/prefeitura.santarosa.rs.gov.br\/?p=413"},"modified":"2024-10-07T09:55:02","modified_gmt":"2024-10-07T12:55:02","slug":"prefeito-assina-inicio-de-obra-de-asfalto-na-sulina","status":"publish","type":"post","link":"https:\/\/prefeitura.santarosa.rs.gov.br\/?p=413","title":{"rendered":"Prefeito assina in\u00edcio de obra de asfalto na Sulina"},"content":{"rendered":"\n<p>Parte das ruas Tupanciret\u00e3 e Crist\u00f3v\u00e3o Leopoldo Meinertz ir\u00e3o receber asfalto e complementos.<\/p>\n\n\n\n<p>Nesta semana, o Prefeito Anderson Mantei assinou mais uma importante ordem de in\u00edcio. Parte das ruas Tupanciret\u00e3 e Crist\u00f3v\u00e3o Leopoldo Meinertz ir\u00e3o receber asfalto e complementos. O prefeito fez quest\u00e3o de visitar o local juntamente com o vereador Rufino que intermediou o recurso junto do Deputado Federal Maur\u00edcio Dziedricki. Tamb\u00e9m participaram do ato o Engenheiro Civil Mauricio Lenz, o Secret\u00e1rio de Obras Rodrigo Burkle e representantes da empresa que far\u00e1 a obra no bairro Sulina. O prazo para execu\u00e7\u00e3o \u00e9 de 90 dias. O valor investido \u00e9 de R$269.800,32.<\/p>\n","protected":false},"excerpt":{"rendered":"<p>Parte das ruas Tupanciret\u00e3 e Crist\u00f3v\u00e3o Leopoldo Meinertz ir\u00e3o receber asfalto e complementos. Nesta semana, o Prefeito Anderson Mantei assinou<\/p>\n","protected":false},"author":3,"featured_media":414,"comment_status":"open","ping_status":"open","sticky":false,"template":"","format":"standard","meta":{"footnotes":""},"categories":[4,21],"tags":[],"class_list":["post-413","post","type-post","status-publish","format-standard","has-post-thumbnail","hentry","category-noticias","category-secretaria-municipal-de-obras"],"aioseo_notices":[],"_links":{"self":[{"href":"https:\/\/prefeitura.santarosa.rs.gov.br\/index.php?rest_route=\/wp\/v2\/posts\/413","targetHints":{"allow":["GET"]}}],"collection":[{"href":"https:\/\/prefeitura.santarosa.rs.gov.br\/index.php?rest_route=\/wp\/v2\/posts"}],"about":[{"href":"https:\/\/prefeitura.santarosa.rs.gov.br\/index.php?rest_route=\/wp\/v2\/types\/post"}],"author":[{"embeddable":true,"href":"https:\/\/prefeitura.santarosa.rs.gov.br\/index.php?rest_route=\/wp\/v2\/users\/3"}],"replies":[{"embeddable":true,"href":"https:\/\/prefeitura.santarosa.rs.gov.br\/index.php?rest_route=%2Fwp%2Fv2%2Fcomments&post=413"}],"version-history":[{"count":1,"href":"https:\/\/prefeitura.santarosa.rs.gov.br\/index.php?rest_route=\/wp\/v2\/posts\/413\/revisions"}],"predecessor-version":[{"id":415,"href":"https:\/\/prefeitura.santarosa.rs.gov.br\/index.php?rest_route=\/wp\/v2\/posts\/413\/revisions\/415"}],"wp:featuredmedia":[{"embeddable":true,"href":"https:\/\/prefeitura.santarosa.rs.gov.br\/index.php?rest_route=\/wp\/v2\/media\/414"}],"wp:attachment":[{"href":"https:\/\/prefeitura.santarosa.rs.gov.br\/index.php?rest_route=%2Fwp%2Fv2%2Fmedia&parent=413"}],"wp:term":[{"taxonomy":"category","embeddable":true,"href":"https:\/\/prefeitura.santarosa.rs.gov.br\/index.php?rest_route=%2Fwp%2Fv2%2Fcategories&post=413"},{"taxonomy":"post_tag","embeddable":true,"href":"https:\/\/prefeitura.santarosa.rs.gov.br\/index.php?rest_route=%2Fwp%2Fv2%2Ftags&post=413"}],"curies":[{"name":"wp","href":"https:\/\/api.w.org\/{rel}","templated":true}]}}