{"id":4129,"date":"2022-05-10T08:41:00","date_gmt":"2022-05-10T11:41:00","guid":{"rendered":"https:\/\/prefeitura.santarosa.rs.gov.br\/?p=4129"},"modified":"2024-10-07T09:54:25","modified_gmt":"2024-10-07T12:54:25","slug":"presidente-bolsonaro-em-santa-rosa","status":"publish","type":"post","link":"https:\/\/prefeitura.santarosa.rs.gov.br\/?p=4129","title":{"rendered":"Presidente Bolsonaro em Santa Rosa"},"content":{"rendered":"\n<p>Bolsonaro atendeu a comunidade e tirou fotos com os visitantes no Parque de Exposi\u00e7\u00f5es.<\/p>\n\n\n\n<p>O d\u00e9cimo dia da Fenasoja 2022, entrou para a hist\u00f3ria da cidade de Santa Rosa. Na manh\u00e3 deste s\u00e1bado (07), o munic\u00edpio recebeu a visita do Presidente da Rep\u00fablica, Jair Messias Bolsonaro. Ele foi recebido pelo Prefeito Anderson Mantei no aeroporto. H\u00e1 41 anos um presidente n\u00e3o visitava a cidade.<br><br>Anderson Mantei e Bolsonaro seguiram at\u00e9 o parque em uma motociata. Participaram do ato de boas-vindas, senadores, deputados, prefeitos da regi\u00e3o e demais autoridades. O Prefeito Anderson Mantei se emocionou e destacou a import\u00e2ncia da presen\u00e7a do Presidente em Santa Rosa, \u201cEstamos muito orgulhosos e realizados de receber o Presidente na nossa Santa Rosa. Cidade de gente trabalhadora, do povo da soja. Somos um povo que ama Deus, a p\u00e1tria e a fam\u00edlia. \u00c9 uma honra estar na condi\u00e7\u00e3o de prefeito, nesse dia que vai ficar marcado e registrado na hist\u00f3ria\u201d.<br><br>O Presidente Bolsonaro participou do Encerramento Nacional da Colheita da Soja e falou da sua alegria de estar na Maior Feira Multissetorial do Rio Grande do Sul, \u201cEstou muito contente de estar hoje aqui em Santa Rosa e ser recebido com tanto carinho pelo povo ga\u00facho. Voc\u00eas, povo trabalhador, da cidade \u201cBer\u00e7o Nacional da Soja\u201d, s\u00e3o um orgulho para a nossa na\u00e7\u00e3o. Parab\u00e9ns a Fenasoja e ao munic\u00edpio por esta grande feira\u201d.<br><br>Bolsonaro atendeu a comunidade e tirou fotos com os visitantes no Parque de Exposi\u00e7\u00f5es. A Fenasoja 2022, j\u00e1 registrou um recorde no n\u00famero de visitantes com cerca de 300 mil visitantes. A Feira que est\u00e1 na 23\u00aa edi\u00e7\u00e3o, encerra no domingo (08), Dia das M\u00e3es.<\/p>\n","protected":false},"excerpt":{"rendered":"<p>Bolsonaro atendeu a comunidade e tirou fotos com os visitantes no Parque de Exposi\u00e7\u00f5es. O d\u00e9cimo dia da Fenasoja 2022,<\/p>\n","protected":false},"author":3,"featured_media":4130,"comment_status":"open","ping_status":"open","sticky":false,"template":"","format":"standard","meta":{"footnotes":""},"categories":[4,3],"tags":[],"class_list":["post-4129","post","type-post","status-publish","format-standard","has-post-thumbnail","hentry","category-noticias","category-gabinete-do-prefeito"],"aioseo_notices":[],"_links":{"self":[{"href":"https:\/\/prefeitura.santarosa.rs.gov.br\/index.php?rest_route=\/wp\/v2\/posts\/4129","targetHints":{"allow":["GET"]}}],"collection":[{"href":"https:\/\/prefeitura.santarosa.rs.gov.br\/index.php?rest_route=\/wp\/v2\/posts"}],"about":[{"href":"https:\/\/prefeitura.santarosa.rs.gov.br\/index.php?rest_route=\/wp\/v2\/types\/post"}],"author":[{"embeddable":true,"href":"https:\/\/prefeitura.santarosa.rs.gov.br\/index.php?rest_route=\/wp\/v2\/users\/3"}],"replies":[{"embeddable":true,"href":"https:\/\/prefeitura.santarosa.rs.gov.br\/index.php?rest_route=%2Fwp%2Fv2%2Fcomments&post=4129"}],"version-history":[{"count":1,"href":"https:\/\/prefeitura.santarosa.rs.gov.br\/index.php?rest_route=\/wp\/v2\/posts\/4129\/revisions"}],"predecessor-version":[{"id":4131,"href":"https:\/\/prefeitura.santarosa.rs.gov.br\/index.php?rest_route=\/wp\/v2\/posts\/4129\/revisions\/4131"}],"wp:featuredmedia":[{"embeddable":true,"href":"https:\/\/prefeitura.santarosa.rs.gov.br\/index.php?rest_route=\/wp\/v2\/media\/4130"}],"wp:attachment":[{"href":"https:\/\/prefeitura.santarosa.rs.gov.br\/index.php?rest_route=%2Fwp%2Fv2%2Fmedia&parent=4129"}],"wp:term":[{"taxonomy":"category","embeddable":true,"href":"https:\/\/prefeitura.santarosa.rs.gov.br\/index.php?rest_route=%2Fwp%2Fv2%2Fcategories&post=4129"},{"taxonomy":"post_tag","embeddable":true,"href":"https:\/\/prefeitura.santarosa.rs.gov.br\/index.php?rest_route=%2Fwp%2Fv2%2Ftags&post=4129"}],"curies":[{"name":"wp","href":"https:\/\/api.w.org\/{rel}","templated":true}]}}