{"id":4126,"date":"2022-05-06T12:00:00","date_gmt":"2022-05-06T15:00:00","guid":{"rendered":"https:\/\/prefeitura.santarosa.rs.gov.br\/?p=4126"},"modified":"2024-10-07T09:54:25","modified_gmt":"2024-10-07T12:54:25","slug":"final-de-semana-vai-ser-historico-para-santa-rosa","status":"publish","type":"post","link":"https:\/\/prefeitura.santarosa.rs.gov.br\/?p=4126","title":{"rendered":"Final de semana vai ser hist\u00f3rico para Santa Rosa"},"content":{"rendered":"\n<p>No s\u00e1bado, a feira vai abrir o parque \u00e0s 06h para os expositores e \u00e0s 07h para o p\u00fablico.<\/p>\n\n\n\n<p>Santa Rosa est\u00e1 vivendo dias intensos e de grandes not\u00edcias nos \u00faltimos dias. Desde o dia 28 de abril, quando iniciou a Fenasoja 2022, o munic\u00edpio tem sido palco de momentos marcantes e hist\u00f3ricos. No pr\u00f3ximo s\u00e1bado (07), o munic\u00edpio vai ter a honra de receber na Maior Feira Multissetorial do Rio Grande do Sul, a visita hist\u00f3rica do Presidente e Vice-Presidente da Rep\u00fablica. A agenda foi confirmada pela Casa Civil e Secretaria de Imprensa (SIM).<br><br>A vinda do Presidente Bolsonaro \u00e9 uma forte articula\u00e7\u00e3o do Deputado Federal Osmar Terra, que juntamente com outros ministros, deputados, o Presidente da Fenasoja, Elias Dallalba e o Prefeito Anderson Mantei realizaram por diversas vezes o convite. Anderson destacou a import\u00e2ncia da vinda do presidente para o munic\u00edpio, \u201cN\u00f3s estamos realmente muito orgulhosos e felizes com a vinda do Presidente e do Vice-Presidente na Fenasoja 2022. \u00c9 um momento \u00edmpar para Santa Rosa. N\u00f3s temos um compromisso e a alegria em mostrar a nossa cidade para o estado, pa\u00eds e mundo, e vamos fazer bonito, pois foi aqui que a soja come\u00e7ou, aqui \u00e9 uma terra de desenvolvimento e de grandes conquistas\u201d.<br><br>A Fenasoja n\u00e3o recebe a visita de um Presidente da Rep\u00fablica h\u00e1 mais de 40 anos. Em 1976, Santa Rosa contou com a visita do presidente Ernesto Geisel, e em 1981, Jo\u00e3o Batista Figueiredo esteve na Fenasoja. A Feira est\u00e1 em sua 23\u00aa edi\u00e7\u00e3o e j\u00e1 registrou um recorde no n\u00famero de visitantes. A proje\u00e7\u00e3o da Comiss\u00e3o Central da feira \u00e9 que at\u00e9 o domingo (08), o Parque de Exposi\u00e7\u00f5es Alfredo Leandro Carlson, ultrapasse os 300 mil visitantes. Nunca na hist\u00f3ria de Santa Rosa, o Parque de Exposi\u00e7\u00f5es concentrou tanta gente. Esta concentra\u00e7\u00e3o deve acontecer devido a tr\u00eas grandes momentos da programa\u00e7\u00e3o da feira, o primeiro acontece nesta sexta-feira (06), \u00e0s 15h, com a apresenta\u00e7\u00e3o da Esquadrilha da Fuma\u00e7a e na parte da noite com o show nacional do cantor Pedro Sampaio. No s\u00e1bado, com a presen\u00e7a do Presidente do Brasil, Jair Messias Bolsonaro, do Vice-Presidente, Hamilton Mour\u00e3o e no domingo com o Dia das M\u00e3es.<br><br>O presidente Bolsonaro deve chegar a Santa Rosa na manh\u00e3 de s\u00e1bado. Repetindo o que fez em v\u00e1rias ocasi\u00f5es anteriores pelo pa\u00eds, o presidente vai vir ao Parque de Exposi\u00e7\u00f5es pilotando uma moto. Est\u00e1 previsto tamb\u00e9m, que Bolsonaro participe do Encerramento Nacional da Colheita da Soja no pa\u00eds que ser\u00e1 realizado em Santa Rosa. No s\u00e1bado, a feira vai abrir o parque \u00e0s 06h para os expositores e \u00e0s 07h para o p\u00fablico. \u00c9 indicado que os visitantes se desloquem o mais cedo poss\u00edvel, pois a expectativa \u00e9 de que amanh\u00e3 seja o dia mais movimentado. A Fenasoja 2022 encerra sua 23\u00ba edi\u00e7\u00e3o no domingo.<\/p>\n","protected":false},"excerpt":{"rendered":"<p>No s\u00e1bado, a feira vai abrir o parque \u00e0s 06h para os expositores e \u00e0s 07h para o p\u00fablico. Santa<\/p>\n","protected":false},"author":3,"featured_media":4127,"comment_status":"open","ping_status":"open","sticky":false,"template":"","format":"standard","meta":{"footnotes":""},"categories":[4,3],"tags":[],"class_list":["post-4126","post","type-post","status-publish","format-standard","has-post-thumbnail","hentry","category-noticias","category-gabinete-do-prefeito"],"aioseo_notices":[],"_links":{"self":[{"href":"https:\/\/prefeitura.santarosa.rs.gov.br\/index.php?rest_route=\/wp\/v2\/posts\/4126","targetHints":{"allow":["GET"]}}],"collection":[{"href":"https:\/\/prefeitura.santarosa.rs.gov.br\/index.php?rest_route=\/wp\/v2\/posts"}],"about":[{"href":"https:\/\/prefeitura.santarosa.rs.gov.br\/index.php?rest_route=\/wp\/v2\/types\/post"}],"author":[{"embeddable":true,"href":"https:\/\/prefeitura.santarosa.rs.gov.br\/index.php?rest_route=\/wp\/v2\/users\/3"}],"replies":[{"embeddable":true,"href":"https:\/\/prefeitura.santarosa.rs.gov.br\/index.php?rest_route=%2Fwp%2Fv2%2Fcomments&post=4126"}],"version-history":[{"count":1,"href":"https:\/\/prefeitura.santarosa.rs.gov.br\/index.php?rest_route=\/wp\/v2\/posts\/4126\/revisions"}],"predecessor-version":[{"id":4128,"href":"https:\/\/prefeitura.santarosa.rs.gov.br\/index.php?rest_route=\/wp\/v2\/posts\/4126\/revisions\/4128"}],"wp:featuredmedia":[{"embeddable":true,"href":"https:\/\/prefeitura.santarosa.rs.gov.br\/index.php?rest_route=\/wp\/v2\/media\/4127"}],"wp:attachment":[{"href":"https:\/\/prefeitura.santarosa.rs.gov.br\/index.php?rest_route=%2Fwp%2Fv2%2Fmedia&parent=4126"}],"wp:term":[{"taxonomy":"category","embeddable":true,"href":"https:\/\/prefeitura.santarosa.rs.gov.br\/index.php?rest_route=%2Fwp%2Fv2%2Fcategories&post=4126"},{"taxonomy":"post_tag","embeddable":true,"href":"https:\/\/prefeitura.santarosa.rs.gov.br\/index.php?rest_route=%2Fwp%2Fv2%2Ftags&post=4126"}],"curies":[{"name":"wp","href":"https:\/\/api.w.org\/{rel}","templated":true}]}}