{"id":4120,"date":"2022-05-04T18:11:00","date_gmt":"2022-05-04T21:11:00","guid":{"rendered":"https:\/\/prefeitura.santarosa.rs.gov.br\/?p=4120"},"modified":"2024-10-07T09:54:25","modified_gmt":"2024-10-07T12:54:25","slug":"prefeito-realiza-entrega-de-matriculas-para-regularizacao-de-imoveis","status":"publish","type":"post","link":"https:\/\/prefeitura.santarosa.rs.gov.br\/?p=4120","title":{"rendered":"Prefeito realiza entrega de matr\u00edculas para regulariza\u00e7\u00e3o de im\u00f3veis"},"content":{"rendered":"\n<p>O Prefeito de Santa Rosa, realizou nesta quarta-feira (04), a entrega das matr\u00edculas de 173 unidades habitacionais regularizadas<\/p>\n\n\n\n<p>O Prefeito de Santa Rosa, realizou nesta quarta-feira (04), a entrega das matr\u00edculas de 173 unidades habitacionais regularizadas. O ato aconteceu no Parque de Exposi\u00e7\u00f5es Alfredo Leandro Carlson, no s\u00e9timo dia da Fenasoja 2022. Estavam presentes autoridades da regi\u00e3o, a comiss\u00e3o organizadora da Fenasoja, o Deputado Federal Osmar Terra, secret\u00e1rios municipais e a comunidade.<br><br>O Governo Municipal concluiu processos de regulariza\u00e7\u00e3o fundi\u00e1ria, de \u00e1reas localizadas na Vila Santa In\u00eas, na Rua Sebasti\u00e3o Matiazzi, na Vila Nossa Senhora Aparecida II e no loteamento Morar Melhor. O procedimento de regulariza\u00e7\u00e3o consistiu na abertura de matr\u00edculas dos lotes, com a averba\u00e7\u00e3o das edifica\u00e7\u00f5es e a transfer\u00eancia para os benefici\u00e1rios. O Prefeito Anderson Mantei, destacou a import\u00e2ncia da entrega das matr\u00edculas para a comunidade, \u201cEstamos muito contentes de hoje entregar para quase 200 fam\u00edlias, a matr\u00edcula que regulariza os im\u00f3veis desses cidad\u00e3os. Este \u00e9 um compromisso do nosso governo, que se empenha a cada dia, para atender as demandas da popula\u00e7\u00e3o e proporcionar para os santa-rosenses uma vida com mais qualidade e uma cidade cada vez melhor para se viver\u201d.<br><br>Foram regularizados 58 im\u00f3veis na Vila Santa In\u00eas, 05 na Rua Sebasti\u00e3o Matiazzi, 83 na Vila Nossa Senhora Aparecida II, e 27 im\u00f3veis no Loteamento Morar Melhor. Participou tamb\u00e9m da entrega das matr\u00edculas, o Deputado Federal Osmar Terra. \u201cHoje \u00e9 um dia marcante para as fam\u00edlias que est\u00e3o aqui. Voc\u00eas est\u00e3o recebendo a legaliza\u00e7\u00e3o de um patrim\u00f4nio, um bem que vai poder ser repassado aos filhos e aos netos de voc\u00eas. O governo municipal est\u00e1 de parab\u00e9ns por investir em a\u00e7\u00f5es como esta e tenho certeza que muitas mais vir\u00e3o ao longo do tempo\u201d, ressaltou Terra. Al\u00e9m do procedimento da abertura de matr\u00edculas, houve tamb\u00e9m nestas \u00e1reas, a implementa\u00e7\u00e3o de infraestrutura com a execu\u00e7\u00e3o de pavimenta\u00e7\u00e3o asf\u00e1ltica e pavimenta\u00e7\u00e3o com pedras irregulares.<\/p>\n","protected":false},"excerpt":{"rendered":"<p>O Prefeito de Santa Rosa, realizou nesta quarta-feira (04), a entrega das matr\u00edculas de 173 unidades habitacionais regularizadas O Prefeito<\/p>\n","protected":false},"author":3,"featured_media":4121,"comment_status":"open","ping_status":"open","sticky":false,"template":"","format":"standard","meta":{"footnotes":""},"categories":[4,3],"tags":[],"class_list":["post-4120","post","type-post","status-publish","format-standard","has-post-thumbnail","hentry","category-noticias","category-gabinete-do-prefeito"],"aioseo_notices":[],"_links":{"self":[{"href":"https:\/\/prefeitura.santarosa.rs.gov.br\/index.php?rest_route=\/wp\/v2\/posts\/4120","targetHints":{"allow":["GET"]}}],"collection":[{"href":"https:\/\/prefeitura.santarosa.rs.gov.br\/index.php?rest_route=\/wp\/v2\/posts"}],"about":[{"href":"https:\/\/prefeitura.santarosa.rs.gov.br\/index.php?rest_route=\/wp\/v2\/types\/post"}],"author":[{"embeddable":true,"href":"https:\/\/prefeitura.santarosa.rs.gov.br\/index.php?rest_route=\/wp\/v2\/users\/3"}],"replies":[{"embeddable":true,"href":"https:\/\/prefeitura.santarosa.rs.gov.br\/index.php?rest_route=%2Fwp%2Fv2%2Fcomments&post=4120"}],"version-history":[{"count":1,"href":"https:\/\/prefeitura.santarosa.rs.gov.br\/index.php?rest_route=\/wp\/v2\/posts\/4120\/revisions"}],"predecessor-version":[{"id":4122,"href":"https:\/\/prefeitura.santarosa.rs.gov.br\/index.php?rest_route=\/wp\/v2\/posts\/4120\/revisions\/4122"}],"wp:featuredmedia":[{"embeddable":true,"href":"https:\/\/prefeitura.santarosa.rs.gov.br\/index.php?rest_route=\/wp\/v2\/media\/4121"}],"wp:attachment":[{"href":"https:\/\/prefeitura.santarosa.rs.gov.br\/index.php?rest_route=%2Fwp%2Fv2%2Fmedia&parent=4120"}],"wp:term":[{"taxonomy":"category","embeddable":true,"href":"https:\/\/prefeitura.santarosa.rs.gov.br\/index.php?rest_route=%2Fwp%2Fv2%2Fcategories&post=4120"},{"taxonomy":"post_tag","embeddable":true,"href":"https:\/\/prefeitura.santarosa.rs.gov.br\/index.php?rest_route=%2Fwp%2Fv2%2Ftags&post=4120"}],"curies":[{"name":"wp","href":"https:\/\/api.w.org\/{rel}","templated":true}]}}