{"id":4114,"date":"2022-05-04T11:05:00","date_gmt":"2022-05-04T14:05:00","guid":{"rendered":"https:\/\/prefeitura.santarosa.rs.gov.br\/?p=4114"},"modified":"2024-10-07T09:54:25","modified_gmt":"2024-10-07T12:54:25","slug":"governador-visita-centro-cultural-prof-fioravante-pedrazani","status":"publish","type":"post","link":"https:\/\/prefeitura.santarosa.rs.gov.br\/?p=4114","title":{"rendered":"Governador visita Centro Cultural Prof. Fioravante Pedrazani"},"content":{"rendered":"\n<p>Eles conheceram o local que vai receber o valor de R$ 3,2 milh\u00f5es, sendo R$ 2,5 milh\u00f5es de recurso estadual e R$ 750 mil de recurso municipal.<\/p>\n\n\n\n<p>O Governador do Estado, Ranolfo Vieira J\u00fanior, visitou o Centro Cultural Prof. Fioravante Pedrazani, acompanhado pela Secret\u00e1ria de Estado da Cultura Beatriz Araujo e pelo Prefeito Municipal Anderson Mantei. Eles conheceram o local que vai receber o valor de R$ 3,2 milh\u00f5es, sendo R$ 2,5 milh\u00f5es de recurso estadual e R$ 750 mil de recurso municipal. Esse edital integra as a\u00e7\u00f5es do Programa Avan\u00e7ar na Cultura.<br><br>O Projeto inscrito no Edital + Museus busca readequar o espa\u00e7o do museu no pr\u00e9dio da antiga sede da Prefeitura de Santa Rosa, atrav\u00e9s da moderniza\u00e7\u00e3o e transfer\u00eancia de parte do acervo do Museu Municipal de Santa Rosa. Al\u00e9m de equipar o interior do Centro Cultural o projeto prev\u00ea a liga\u00e7\u00e3o da Pra\u00e7a da Bandeira, com o Centro Cultural, a Biblioteca Municipal e o Centro C\u00edvico, atrav\u00e9s de uma via cultural, \u201cSem d\u00favida, \u00e9 uma a\u00e7\u00e3o que valoriza a hist\u00f3ria, preserva a mem\u00f3ria e projeta a identidade cultural da cidade\u201d, afirma a Secret\u00e1ria da Cultura Beatriz Ara\u00fajo, que se mostrou encantada com o projeto.<br><br>O Prefeito Anderson Mantei e a Secret\u00e1ria de Educa\u00e7\u00e3o e Cultura Lires Zimmermann F\u00fchr ressaltam o investimento do Estado e estimam o in\u00edcio das obras ainda no primeiro semestre deste ano.<\/p>\n","protected":false},"excerpt":{"rendered":"<p>Eles conheceram o local que vai receber o valor de R$ 3,2 milh\u00f5es, sendo R$ 2,5 milh\u00f5es de recurso estadual<\/p>\n","protected":false},"author":3,"featured_media":4115,"comment_status":"open","ping_status":"open","sticky":false,"template":"","format":"standard","meta":{"footnotes":""},"categories":[4,18],"tags":[],"class_list":["post-4114","post","type-post","status-publish","format-standard","has-post-thumbnail","hentry","category-noticias","category-secretaria-municipal-de-educacao-e-cultura"],"aioseo_notices":[],"_links":{"self":[{"href":"https:\/\/prefeitura.santarosa.rs.gov.br\/index.php?rest_route=\/wp\/v2\/posts\/4114","targetHints":{"allow":["GET"]}}],"collection":[{"href":"https:\/\/prefeitura.santarosa.rs.gov.br\/index.php?rest_route=\/wp\/v2\/posts"}],"about":[{"href":"https:\/\/prefeitura.santarosa.rs.gov.br\/index.php?rest_route=\/wp\/v2\/types\/post"}],"author":[{"embeddable":true,"href":"https:\/\/prefeitura.santarosa.rs.gov.br\/index.php?rest_route=\/wp\/v2\/users\/3"}],"replies":[{"embeddable":true,"href":"https:\/\/prefeitura.santarosa.rs.gov.br\/index.php?rest_route=%2Fwp%2Fv2%2Fcomments&post=4114"}],"version-history":[{"count":1,"href":"https:\/\/prefeitura.santarosa.rs.gov.br\/index.php?rest_route=\/wp\/v2\/posts\/4114\/revisions"}],"predecessor-version":[{"id":4116,"href":"https:\/\/prefeitura.santarosa.rs.gov.br\/index.php?rest_route=\/wp\/v2\/posts\/4114\/revisions\/4116"}],"wp:featuredmedia":[{"embeddable":true,"href":"https:\/\/prefeitura.santarosa.rs.gov.br\/index.php?rest_route=\/wp\/v2\/media\/4115"}],"wp:attachment":[{"href":"https:\/\/prefeitura.santarosa.rs.gov.br\/index.php?rest_route=%2Fwp%2Fv2%2Fmedia&parent=4114"}],"wp:term":[{"taxonomy":"category","embeddable":true,"href":"https:\/\/prefeitura.santarosa.rs.gov.br\/index.php?rest_route=%2Fwp%2Fv2%2Fcategories&post=4114"},{"taxonomy":"post_tag","embeddable":true,"href":"https:\/\/prefeitura.santarosa.rs.gov.br\/index.php?rest_route=%2Fwp%2Fv2%2Ftags&post=4114"}],"curies":[{"name":"wp","href":"https:\/\/api.w.org\/{rel}","templated":true}]}}