{"id":4069,"date":"2022-06-23T17:05:00","date_gmt":"2022-06-23T20:05:00","guid":{"rendered":"https:\/\/prefeitura.santarosa.rs.gov.br\/?p=4069"},"modified":"2024-10-07T09:54:06","modified_gmt":"2024-10-07T12:54:06","slug":"nova-faixa-etaria-para-a-aplicacao-da-2a-dose-de-reforco-contra-a-covid-19","status":"publish","type":"post","link":"https:\/\/prefeitura.santarosa.rs.gov.br\/?p=4069","title":{"rendered":"Nova faixa et\u00e1ria para a aplica\u00e7\u00e3o da 2\u00aa Dose de Refor\u00e7o contra a COVID-19"},"content":{"rendered":"\n<p>A nova aplica\u00e7\u00e3o \u00e9 recomendada quatro meses ap\u00f3s a primeira dose de refor\u00e7o<\/p>\n\n\n\n<p>A Funda\u00e7\u00e3o Municipal de Sa\u00fade de Santa Rosa informa que a partir desta sexta-feira (24), a Segunda Dose de Refor\u00e7o (DR2), passa a ser aplicada para pessoas a partir dos 40 anos. A nova aplica\u00e7\u00e3o \u00e9 recomendada quatro meses ap\u00f3s a primeira dose de refor\u00e7o. Caso o cidad\u00e3o estiver com alguma outra dose em atraso, deve primeiro completar o esquema (prim\u00e1rio ou refor\u00e7o), dentro dos prazos estabelecidos. No caso do imunizante da Janssen, a Segunda Dose de Refor\u00e7o vai ser realizada para a faixa et\u00e1ria dos 18 aos 39 anos. A imuniza\u00e7\u00e3o vai acontecer mediante a disponibilidade das doses.<br><br>A quarta dose vai ser aplicada na Central de Vacinas da FUMSSAR. O atendimento acontece no turno da tarde, das 13h30min \u00e0s 17h, de segunda a sexta-feira. A Central fica localizada na Rua Dr. Francisco Timm, 480 \u2013 centro, no subsolo (entrada pela lateral). N\u00e3o \u00e9 necess\u00e1rio realizar o agendamento. A aplica\u00e7\u00e3o acontece por ordem de chegada. Para realizar a imuniza\u00e7\u00e3o, \u00e9 necess\u00e1rio levar documento com foto, CPF, cart\u00e3o SUS e a caderneta de vacina\u00e7\u00e3o.<\/p>\n","protected":false},"excerpt":{"rendered":"<p>A nova aplica\u00e7\u00e3o \u00e9 recomendada quatro meses ap\u00f3s a primeira dose de refor\u00e7o A Funda\u00e7\u00e3o Municipal de Sa\u00fade de Santa<\/p>\n","protected":false},"author":3,"featured_media":4070,"comment_status":"open","ping_status":"open","sticky":false,"template":"","format":"standard","meta":{"footnotes":""},"categories":[4,8],"tags":[],"class_list":["post-4069","post","type-post","status-publish","format-standard","has-post-thumbnail","hentry","category-noticias","category-noticias-fumssar"],"aioseo_notices":[],"_links":{"self":[{"href":"https:\/\/prefeitura.santarosa.rs.gov.br\/index.php?rest_route=\/wp\/v2\/posts\/4069","targetHints":{"allow":["GET"]}}],"collection":[{"href":"https:\/\/prefeitura.santarosa.rs.gov.br\/index.php?rest_route=\/wp\/v2\/posts"}],"about":[{"href":"https:\/\/prefeitura.santarosa.rs.gov.br\/index.php?rest_route=\/wp\/v2\/types\/post"}],"author":[{"embeddable":true,"href":"https:\/\/prefeitura.santarosa.rs.gov.br\/index.php?rest_route=\/wp\/v2\/users\/3"}],"replies":[{"embeddable":true,"href":"https:\/\/prefeitura.santarosa.rs.gov.br\/index.php?rest_route=%2Fwp%2Fv2%2Fcomments&post=4069"}],"version-history":[{"count":1,"href":"https:\/\/prefeitura.santarosa.rs.gov.br\/index.php?rest_route=\/wp\/v2\/posts\/4069\/revisions"}],"predecessor-version":[{"id":4071,"href":"https:\/\/prefeitura.santarosa.rs.gov.br\/index.php?rest_route=\/wp\/v2\/posts\/4069\/revisions\/4071"}],"wp:featuredmedia":[{"embeddable":true,"href":"https:\/\/prefeitura.santarosa.rs.gov.br\/index.php?rest_route=\/wp\/v2\/media\/4070"}],"wp:attachment":[{"href":"https:\/\/prefeitura.santarosa.rs.gov.br\/index.php?rest_route=%2Fwp%2Fv2%2Fmedia&parent=4069"}],"wp:term":[{"taxonomy":"category","embeddable":true,"href":"https:\/\/prefeitura.santarosa.rs.gov.br\/index.php?rest_route=%2Fwp%2Fv2%2Fcategories&post=4069"},{"taxonomy":"post_tag","embeddable":true,"href":"https:\/\/prefeitura.santarosa.rs.gov.br\/index.php?rest_route=%2Fwp%2Fv2%2Ftags&post=4069"}],"curies":[{"name":"wp","href":"https:\/\/api.w.org\/{rel}","templated":true}]}}