{"id":4066,"date":"2022-06-23T17:02:00","date_gmt":"2022-06-23T20:02:00","guid":{"rendered":"https:\/\/prefeitura.santarosa.rs.gov.br\/?p=4066"},"modified":"2024-10-07T09:54:06","modified_gmt":"2024-10-07T12:54:06","slug":"atleta-mirim-de-santa-rosa-conquista-titulos-no-jiu-jitsu","status":"publish","type":"post","link":"https:\/\/prefeitura.santarosa.rs.gov.br\/?p=4066","title":{"rendered":"Atleta mirim de Santa Rosa conquista t\u00edtulos no Jiu-Jitsu"},"content":{"rendered":"\n<p>Dentre as competi\u00e7\u00f5es, o jiujiteiro foi destaque no evento denominado: \u201cPro RS de Jiu-Jitsu\u201d, que aconteceu em Passo Fundo<\/p>\n\n\n\n<p>O atleta santa-rosense Arthur Bilhalva Kensy Clos, de 08 anos de idade, tem conquistado diversos t\u00edtulos de Jiu-Jitsu e trilhado uma hist\u00f3ria de sucesso na categoria mirim. O pequeno campe\u00e3o, acompanhado de seu pai Alexandre, foi recebido na manh\u00e3 desta quinta-feira (23), pelo Prefeito Anderson Mantei e pelo Secret\u00e1rio de Esportes, Fernando Classmann. Durante a visita, Arthur falou sobre as competi\u00e7\u00f5es e mostrou as medalhas que conquistou representando Santa Rosa.<\/p>\n\n\n\n<p>Dentre as competi\u00e7\u00f5es, o jiujiteiro foi destaque no evento denominado: \u201cPro RS de Jiu-Jitsu\u201d, que aconteceu em Passo Fundo. O atleta conquistou o primeiro lugar da categoria mirim. O campeonato reuniu competidores dos mais diversos munic\u00edpios do Estado, em v\u00e1rias categorias. Arthur tamb\u00e9m se classificou em segundo lugar, em outra seletiva da PRO RS que aconteceu em Cruz Alta. Al\u00e9m disso, levou o terceiro lugar na Copa Noroeste que foi realizada em Santa Rosa. O Prefeito Anderson Mantei, parabenizou o jovem e incentivou para que continue praticando o esporte, \u201cFicamos muito contentes de ver algu\u00e9m t\u00e3o jovem e determinado, conquistando t\u00edtulos e participando de campeonatos, representando a nossa cidade. Nosso desejo \u00e9 que mais crian\u00e7as e adolescentes tenham acesso ao esporte e possam tamb\u00e9m vivenciar esta experi\u00eancia\u201d. O pr\u00f3ximo destino do atleta mirim, \u00e9 Caxias do Sul, no dia 03\/07, onde vai participar da 1\u00aa Copa Riograndense e competir com lutadores de todo o Estado do Rio Grande do Sul.<\/p>\n","protected":false},"excerpt":{"rendered":"<p>Dentre as competi\u00e7\u00f5es, o jiujiteiro foi destaque no evento denominado: \u201cPro RS de Jiu-Jitsu\u201d, que aconteceu em Passo Fundo O<\/p>\n","protected":false},"author":3,"featured_media":4067,"comment_status":"open","ping_status":"open","sticky":false,"template":"","format":"standard","meta":{"footnotes":""},"categories":[4,19],"tags":[],"class_list":["post-4066","post","type-post","status-publish","format-standard","has-post-thumbnail","hentry","category-noticias","category-secretaria-municipal-de-esporte"],"aioseo_notices":[],"_links":{"self":[{"href":"https:\/\/prefeitura.santarosa.rs.gov.br\/index.php?rest_route=\/wp\/v2\/posts\/4066","targetHints":{"allow":["GET"]}}],"collection":[{"href":"https:\/\/prefeitura.santarosa.rs.gov.br\/index.php?rest_route=\/wp\/v2\/posts"}],"about":[{"href":"https:\/\/prefeitura.santarosa.rs.gov.br\/index.php?rest_route=\/wp\/v2\/types\/post"}],"author":[{"embeddable":true,"href":"https:\/\/prefeitura.santarosa.rs.gov.br\/index.php?rest_route=\/wp\/v2\/users\/3"}],"replies":[{"embeddable":true,"href":"https:\/\/prefeitura.santarosa.rs.gov.br\/index.php?rest_route=%2Fwp%2Fv2%2Fcomments&post=4066"}],"version-history":[{"count":1,"href":"https:\/\/prefeitura.santarosa.rs.gov.br\/index.php?rest_route=\/wp\/v2\/posts\/4066\/revisions"}],"predecessor-version":[{"id":4068,"href":"https:\/\/prefeitura.santarosa.rs.gov.br\/index.php?rest_route=\/wp\/v2\/posts\/4066\/revisions\/4068"}],"wp:featuredmedia":[{"embeddable":true,"href":"https:\/\/prefeitura.santarosa.rs.gov.br\/index.php?rest_route=\/wp\/v2\/media\/4067"}],"wp:attachment":[{"href":"https:\/\/prefeitura.santarosa.rs.gov.br\/index.php?rest_route=%2Fwp%2Fv2%2Fmedia&parent=4066"}],"wp:term":[{"taxonomy":"category","embeddable":true,"href":"https:\/\/prefeitura.santarosa.rs.gov.br\/index.php?rest_route=%2Fwp%2Fv2%2Fcategories&post=4066"},{"taxonomy":"post_tag","embeddable":true,"href":"https:\/\/prefeitura.santarosa.rs.gov.br\/index.php?rest_route=%2Fwp%2Fv2%2Ftags&post=4066"}],"curies":[{"name":"wp","href":"https:\/\/api.w.org\/{rel}","templated":true}]}}