{"id":4051,"date":"2022-06-21T08:39:00","date_gmt":"2022-06-21T11:39:00","guid":{"rendered":"https:\/\/prefeitura.santarosa.rs.gov.br\/?p=4051"},"modified":"2024-10-07T09:54:06","modified_gmt":"2024-10-07T12:54:06","slug":"assinada-ordem-de-inicio-para-a-construcao-de-modulos-sanitarios","status":"publish","type":"post","link":"https:\/\/prefeitura.santarosa.rs.gov.br\/?p=4051","title":{"rendered":"Assinada ordem de in\u00edcio para a constru\u00e7\u00e3o de m\u00f3dulos sanit\u00e1rios"},"content":{"rendered":"\n<p>O projeto faz parte do Programa do Estado, Nenhuma Casa sem Banheiro<\/p>\n\n\n\n<p>O Vice-Prefeito Aldemir Ulrich assinou na \u00faltima sexta-feira (17), a ordem de in\u00edcio para a constru\u00e7\u00e3o de 24 m\u00f3dulos sanit\u00e1rios na zona urbana. O projeto faz parte do Programa do Estado, Nenhuma Casa sem Banheiro. O objetivo \u00e9 atender fam\u00edlias de baixa renda e reduzir o d\u00e9ficit de saneamento no Rio Grande do Sul. Ao todo, v\u00e3o ser contempladas 24 fam\u00edlias de baixa renda, residentes em locais de vulnerabilidade social e que j\u00e1 est\u00e3o inscritos e selecionados.<br><br>A Prefeitura de Santa Rosa firmou um conv\u00eanio com a Secretaria de Obras e Habita\u00e7\u00e3o (SOP), respons\u00e1vel pelo programa. Os 24 m\u00f3dulos sanit\u00e1rios v\u00e3o ser instalados nas localidades: Valdemar Pisoni, Speroni, J\u00falio de Oliveira, Morar Melhor, Planalto, Vicente Cardoso, Bela Vista, Sulina e Bom Retiro, em domic\u00edlios com acesso \u00e0 \u00e1gua e rede el\u00e9trica. O Vice-Prefeito Aldemir Ulrich destacou a import\u00e2ncia da obra para a comunidade, \u201cEstamos muito contentes de dar in\u00edcio a mais esse projeto. Nosso objetivo \u00e9 buscar recursos para o munic\u00edpio que viabilizem atender \u00e0s demandas da popula\u00e7\u00e3o. Estes m\u00f3dulos com certeza v\u00e3o melhorar a infraestrutura e a qualidade de vida dos cidad\u00e3os\u201d. O prazo de execu\u00e7\u00e3o \u00e9 de 210 dias corridos, conforme contrato. O valor total do investimento \u00e9 de R$ 529.042,67, sendo R$240.000,00 do Fundo de Recursos H\u00eddricos do Estado e R$289.042,67 de contrapartida do munic\u00edpio.<\/p>\n","protected":false},"excerpt":{"rendered":"<p>O projeto faz parte do Programa do Estado, Nenhuma Casa sem Banheiro O Vice-Prefeito Aldemir Ulrich assinou na \u00faltima sexta-feira<\/p>\n","protected":false},"author":3,"featured_media":4052,"comment_status":"open","ping_status":"open","sticky":false,"template":"","format":"standard","meta":{"footnotes":""},"categories":[4,21,9],"tags":[],"class_list":["post-4051","post","type-post","status-publish","format-standard","has-post-thumbnail","hentry","category-noticias","category-secretaria-municipal-de-obras","category-gabinete-do-vice-prefeito"],"aioseo_notices":[],"_links":{"self":[{"href":"https:\/\/prefeitura.santarosa.rs.gov.br\/index.php?rest_route=\/wp\/v2\/posts\/4051","targetHints":{"allow":["GET"]}}],"collection":[{"href":"https:\/\/prefeitura.santarosa.rs.gov.br\/index.php?rest_route=\/wp\/v2\/posts"}],"about":[{"href":"https:\/\/prefeitura.santarosa.rs.gov.br\/index.php?rest_route=\/wp\/v2\/types\/post"}],"author":[{"embeddable":true,"href":"https:\/\/prefeitura.santarosa.rs.gov.br\/index.php?rest_route=\/wp\/v2\/users\/3"}],"replies":[{"embeddable":true,"href":"https:\/\/prefeitura.santarosa.rs.gov.br\/index.php?rest_route=%2Fwp%2Fv2%2Fcomments&post=4051"}],"version-history":[{"count":1,"href":"https:\/\/prefeitura.santarosa.rs.gov.br\/index.php?rest_route=\/wp\/v2\/posts\/4051\/revisions"}],"predecessor-version":[{"id":4053,"href":"https:\/\/prefeitura.santarosa.rs.gov.br\/index.php?rest_route=\/wp\/v2\/posts\/4051\/revisions\/4053"}],"wp:featuredmedia":[{"embeddable":true,"href":"https:\/\/prefeitura.santarosa.rs.gov.br\/index.php?rest_route=\/wp\/v2\/media\/4052"}],"wp:attachment":[{"href":"https:\/\/prefeitura.santarosa.rs.gov.br\/index.php?rest_route=%2Fwp%2Fv2%2Fmedia&parent=4051"}],"wp:term":[{"taxonomy":"category","embeddable":true,"href":"https:\/\/prefeitura.santarosa.rs.gov.br\/index.php?rest_route=%2Fwp%2Fv2%2Fcategories&post=4051"},{"taxonomy":"post_tag","embeddable":true,"href":"https:\/\/prefeitura.santarosa.rs.gov.br\/index.php?rest_route=%2Fwp%2Fv2%2Ftags&post=4051"}],"curies":[{"name":"wp","href":"https:\/\/api.w.org\/{rel}","templated":true}]}}