{"id":401,"date":"2021-03-11T08:00:00","date_gmt":"2021-03-11T11:00:00","guid":{"rendered":"https:\/\/prefeitura.santarosa.rs.gov.br\/?p=401"},"modified":"2024-10-07T09:55:15","modified_gmt":"2024-10-07T12:55:15","slug":"servidoras-municipais-participam-de-atividade-do-mes-da-mulher","status":"publish","type":"post","link":"https:\/\/prefeitura.santarosa.rs.gov.br\/?p=401","title":{"rendered":"Servidoras Municipais participam de atividade do M\u00eas da Mulher"},"content":{"rendered":"\n<p>Governo Municipal atrav\u00e9s da Assessoria de Pol\u00edticas para as Mulheres em parceria com a SICREDI, recepcionou as servidoras municipais no centro C\u00edvico Ant\u00f4nio Carlos Borges.<\/p>\n\n\n\n<p>Fazendo parte da programa\u00e7\u00e3o do M\u00eas da Mulher nesta manh\u00e3 de sexta-feira, 8, o Governo Municipal atrav\u00e9s da Assessoria de Pol\u00edticas para as Mulheres, Gabinete do Prefeito, Gabinete da Primeira-Dama, Gabinete do Vice-prefeito em parceria com a SICREDI, recepcionou as servidoras municipais no centro C\u00edvico Ant\u00f4nio Carlos Borges.<\/p>\n\n\n\n<p>Na oportunidade as servidoras, participaram de um caf\u00e9 da manh\u00e3 de confraterniza\u00e7\u00e3o e logo ap\u00f3s teve in\u00edcio a palesta com o tema \u201c Sonhar e Realizar: Planejamento Financeiro para Mulheres\u201d, ministrada pelos gerentes da SICREDI.<\/p>\n\n\n\n<p>Participaram do evento o Prefeito em Exerc\u00edcio Luis Ant\u00f4nio Benvegn\u00fa, a Secretaria de Gest\u00e3o e Fazenda, Leila Piekala, a Secretaria de Desenvolvimento Social, Ivete Correa, a Assessora de Politicas para Mulheres Solange Griza, e demais autoridades.<\/p>\n\n\n\n<p>O evento contou com o apoio da Secretaria de Desenvolvimento de Cultura e Esportes.<\/p>\n\n\n\n<p>Para ter acesso completo a programa\u00e7\u00e3o do M\u00eas da Mulher 2019, acessar o site da Prefeitura Municipal ou na p\u00e1gina da Prefeitura no Facebook<\/p>\n","protected":false},"excerpt":{"rendered":"<p>Governo Municipal atrav\u00e9s da Assessoria de Pol\u00edticas para as Mulheres em parceria com a SICREDI, recepcionou as servidoras municipais no<\/p>\n","protected":false},"author":3,"featured_media":402,"comment_status":"open","ping_status":"open","sticky":false,"template":"","format":"standard","meta":{"footnotes":""},"categories":[15],"tags":[],"class_list":["post-401","post","type-post","status-publish","format-standard","has-post-thumbnail","hentry","category-secretaria-municipal-de-comunicacao"],"aioseo_notices":[],"_links":{"self":[{"href":"https:\/\/prefeitura.santarosa.rs.gov.br\/index.php?rest_route=\/wp\/v2\/posts\/401","targetHints":{"allow":["GET"]}}],"collection":[{"href":"https:\/\/prefeitura.santarosa.rs.gov.br\/index.php?rest_route=\/wp\/v2\/posts"}],"about":[{"href":"https:\/\/prefeitura.santarosa.rs.gov.br\/index.php?rest_route=\/wp\/v2\/types\/post"}],"author":[{"embeddable":true,"href":"https:\/\/prefeitura.santarosa.rs.gov.br\/index.php?rest_route=\/wp\/v2\/users\/3"}],"replies":[{"embeddable":true,"href":"https:\/\/prefeitura.santarosa.rs.gov.br\/index.php?rest_route=%2Fwp%2Fv2%2Fcomments&post=401"}],"version-history":[{"count":1,"href":"https:\/\/prefeitura.santarosa.rs.gov.br\/index.php?rest_route=\/wp\/v2\/posts\/401\/revisions"}],"predecessor-version":[{"id":403,"href":"https:\/\/prefeitura.santarosa.rs.gov.br\/index.php?rest_route=\/wp\/v2\/posts\/401\/revisions\/403"}],"wp:featuredmedia":[{"embeddable":true,"href":"https:\/\/prefeitura.santarosa.rs.gov.br\/index.php?rest_route=\/wp\/v2\/media\/402"}],"wp:attachment":[{"href":"https:\/\/prefeitura.santarosa.rs.gov.br\/index.php?rest_route=%2Fwp%2Fv2%2Fmedia&parent=401"}],"wp:term":[{"taxonomy":"category","embeddable":true,"href":"https:\/\/prefeitura.santarosa.rs.gov.br\/index.php?rest_route=%2Fwp%2Fv2%2Fcategories&post=401"},{"taxonomy":"post_tag","embeddable":true,"href":"https:\/\/prefeitura.santarosa.rs.gov.br\/index.php?rest_route=%2Fwp%2Fv2%2Ftags&post=401"}],"curies":[{"name":"wp","href":"https:\/\/api.w.org\/{rel}","templated":true}]}}