{"id":4003,"date":"2022-06-10T16:55:00","date_gmt":"2022-06-10T19:55:00","guid":{"rendered":"https:\/\/prefeitura.santarosa.rs.gov.br\/?p=4003"},"modified":"2024-10-07T09:54:06","modified_gmt":"2024-10-07T12:54:06","slug":"presidente-da-fumssar-delcio-stefan-em-porto-alegre","status":"publish","type":"post","link":"https:\/\/prefeitura.santarosa.rs.gov.br\/?p=4003","title":{"rendered":"Presidente da FUMSSAR D\u00e9lcio Stefan em Porto Alegre"},"content":{"rendered":"\n<p>O encontro na capital ga\u00facha teve a participa\u00e7\u00e3o da equipe t\u00e9cnica da SES\/RS<\/p>\n\n\n\n<p>O Presidente da Funda\u00e7\u00e3o Municipal de Sa\u00fade de Santa Rosa, D\u00e9lcio Stefan, est\u00e1 nesta sexta-feira (10), realizando diversas agendas em Porto Alegre. Pela manh\u00e3, o presidente esteve no gabinete da Secret\u00e1ria de Sa\u00fade do Estado do Rio Grande do Sul, Arita Bergmann. Entre os temas tratados: habilita\u00e7\u00e3o de leitos de UTI, servi\u00e7o de Buco-Maxilo-Facial, Sa\u00fade Mental e encaminhamento de projetos para o munic\u00edpio.<br><br>O encontro na capital ga\u00facha teve a participa\u00e7\u00e3o da equipe t\u00e9cnica da SES\/RS \u2013 Secretaria Estadual de Sa\u00fade. \u201cEstamos muito contentes com a acolhida que tivemos da Secret\u00e1ria Arita e toda sua equipe. Levamos v\u00e1rios projetos que v\u00e3o ser em breve, implementados em Santa Rosa. Nosso compromisso \u00e9 oferecer um servi\u00e7o de qualidade e atender as demandas da popula\u00e7\u00e3o\u201d, destacou D\u00e9lcio. O presidente acompanhou tamb\u00e9m outros projetos da sa\u00fade que est\u00e3o em andamento no Estado.<\/p>\n","protected":false},"excerpt":{"rendered":"<p>O encontro na capital ga\u00facha teve a participa\u00e7\u00e3o da equipe t\u00e9cnica da SES\/RS O Presidente da Funda\u00e7\u00e3o Municipal de Sa\u00fade<\/p>\n","protected":false},"author":3,"featured_media":4004,"comment_status":"open","ping_status":"open","sticky":false,"template":"","format":"standard","meta":{"footnotes":""},"categories":[4,8],"tags":[],"class_list":["post-4003","post","type-post","status-publish","format-standard","has-post-thumbnail","hentry","category-noticias","category-noticias-fumssar"],"aioseo_notices":[],"_links":{"self":[{"href":"https:\/\/prefeitura.santarosa.rs.gov.br\/index.php?rest_route=\/wp\/v2\/posts\/4003","targetHints":{"allow":["GET"]}}],"collection":[{"href":"https:\/\/prefeitura.santarosa.rs.gov.br\/index.php?rest_route=\/wp\/v2\/posts"}],"about":[{"href":"https:\/\/prefeitura.santarosa.rs.gov.br\/index.php?rest_route=\/wp\/v2\/types\/post"}],"author":[{"embeddable":true,"href":"https:\/\/prefeitura.santarosa.rs.gov.br\/index.php?rest_route=\/wp\/v2\/users\/3"}],"replies":[{"embeddable":true,"href":"https:\/\/prefeitura.santarosa.rs.gov.br\/index.php?rest_route=%2Fwp%2Fv2%2Fcomments&post=4003"}],"version-history":[{"count":1,"href":"https:\/\/prefeitura.santarosa.rs.gov.br\/index.php?rest_route=\/wp\/v2\/posts\/4003\/revisions"}],"predecessor-version":[{"id":4005,"href":"https:\/\/prefeitura.santarosa.rs.gov.br\/index.php?rest_route=\/wp\/v2\/posts\/4003\/revisions\/4005"}],"wp:featuredmedia":[{"embeddable":true,"href":"https:\/\/prefeitura.santarosa.rs.gov.br\/index.php?rest_route=\/wp\/v2\/media\/4004"}],"wp:attachment":[{"href":"https:\/\/prefeitura.santarosa.rs.gov.br\/index.php?rest_route=%2Fwp%2Fv2%2Fmedia&parent=4003"}],"wp:term":[{"taxonomy":"category","embeddable":true,"href":"https:\/\/prefeitura.santarosa.rs.gov.br\/index.php?rest_route=%2Fwp%2Fv2%2Fcategories&post=4003"},{"taxonomy":"post_tag","embeddable":true,"href":"https:\/\/prefeitura.santarosa.rs.gov.br\/index.php?rest_route=%2Fwp%2Fv2%2Ftags&post=4003"}],"curies":[{"name":"wp","href":"https:\/\/api.w.org\/{rel}","templated":true}]}}