{"id":3916,"date":"2022-02-24T17:05:00","date_gmt":"2022-02-24T20:05:00","guid":{"rendered":"https:\/\/prefeitura.santarosa.rs.gov.br\/?p=3916"},"modified":"2024-10-07T09:54:27","modified_gmt":"2024-10-07T12:54:27","slug":"1a-conferencia-municipal-de-saude-mental-sera-em-marco","status":"publish","type":"post","link":"https:\/\/prefeitura.santarosa.rs.gov.br\/?p=3916","title":{"rendered":"1\u00aa Confer\u00eancia Municipal de Sa\u00fade Mental ser\u00e1 em mar\u00e7o"},"content":{"rendered":"\n<p>A Confer\u00eancia vai acontecer no dia 10 de mar\u00e7o, no Centro C\u00edvico Cultural Ant\u00f4nio Carlos Borges, com in\u00edcio \u00e0s 13h30.<\/p>\n\n\n\n<p>A Prefeitura de Santa Rosa, o Conselho Municipal de Sa\u00fade (CMS) e a FUMSSAR est\u00e3o organizando a 1\u00aa Confer\u00eancia Municipal de Sa\u00fade Mental do munic\u00edpio. O evento vai ter como tema: \u201cA Pol\u00edtica de Sa\u00fade Mental como Direito: Pela defesa do cuidado em liberdade, rumo a avan\u00e7os e garantia dos servi\u00e7os da aten\u00e7\u00e3o psicossocial no SUS\u201d. A Confer\u00eancia vai acontecer no dia 10 de mar\u00e7o, no Centro C\u00edvico Cultural Ant\u00f4nio Carlos Borges, com in\u00edcio \u00e0s 13h30.<br><br>Na primeira semana de mar\u00e7o v\u00e3o acontecer as reuni\u00f5es nas comunidades, chamadas de Pr\u00e9-Confer\u00eancias. Para essas reuni\u00f5es, o CMS quer a mobiliza\u00e7\u00e3o das fam\u00edlias para que participem contribuindo com propostas para a manuten\u00e7\u00e3o e melhoria do servi\u00e7o de sa\u00fade mental de Santa Rosa. As reuni\u00f5es das pr\u00e9-confer\u00eancias v\u00e3o ser presenciais, seguindo os protocolos de distanciamento e demais recomenda\u00e7\u00f5es sanit\u00e1rias, garantindo assim que a participa\u00e7\u00e3o de todos seja segura. Este \u00e9 um processo democr\u00e1tico de ampla participa\u00e7\u00e3o da popula\u00e7\u00e3o, onde toda a comunidade \u00e9 convidada a contribuir participando efetivamente.<br><br>Na quarta-feira, dia 02\/03, \u00e0s 19h30 v\u00e3o ser realizadas as pr\u00e9-confer\u00eancias para os distritos de Cruzeiro, Cruzeiro do Sul, Bela Uni\u00e3o, Pereira, J\u00falio de Oliveira e Beatriz Oliveira, no Sal\u00e3o Paroquial da Igreja Cat\u00f3lica de Cruzeiro. Na mesma noite, acontece a reuni\u00e3o com a popula\u00e7\u00e3o da Auxiliadora, Agr\u00edcola, Sete de Setembro e Planalto, na Igreja Batista, Rua Chile, 772. No dia 03\/03, quinta-feira, acontece \u00e0s 19h30, as \u00faltimas pr\u00e9-confer\u00eancias. Para as comunidades da Balne\u00e1ria, Gl\u00f3ria, Centro, Timba\u00fava e Esperan\u00e7a, na Comunidade S\u00e3o Jos\u00e9 Oper\u00e1rio &#8211; Av. Santa Cruz, 1370 e para os moradores do Jardim Petr\u00f3polis, Sulina e Guia L\u00f3pes, na Associa\u00e7\u00e3o de Moradores do Bairro Sulina.<\/p>\n","protected":false},"excerpt":{"rendered":"<p>A Confer\u00eancia vai acontecer no dia 10 de mar\u00e7o, no Centro C\u00edvico Cultural Ant\u00f4nio Carlos Borges, com in\u00edcio \u00e0s 13h30.<\/p>\n","protected":false},"author":3,"featured_media":3917,"comment_status":"open","ping_status":"open","sticky":false,"template":"","format":"standard","meta":{"footnotes":""},"categories":[4,8],"tags":[],"class_list":["post-3916","post","type-post","status-publish","format-standard","has-post-thumbnail","hentry","category-noticias","category-noticias-fumssar"],"aioseo_notices":[],"_links":{"self":[{"href":"https:\/\/prefeitura.santarosa.rs.gov.br\/index.php?rest_route=\/wp\/v2\/posts\/3916","targetHints":{"allow":["GET"]}}],"collection":[{"href":"https:\/\/prefeitura.santarosa.rs.gov.br\/index.php?rest_route=\/wp\/v2\/posts"}],"about":[{"href":"https:\/\/prefeitura.santarosa.rs.gov.br\/index.php?rest_route=\/wp\/v2\/types\/post"}],"author":[{"embeddable":true,"href":"https:\/\/prefeitura.santarosa.rs.gov.br\/index.php?rest_route=\/wp\/v2\/users\/3"}],"replies":[{"embeddable":true,"href":"https:\/\/prefeitura.santarosa.rs.gov.br\/index.php?rest_route=%2Fwp%2Fv2%2Fcomments&post=3916"}],"version-history":[{"count":1,"href":"https:\/\/prefeitura.santarosa.rs.gov.br\/index.php?rest_route=\/wp\/v2\/posts\/3916\/revisions"}],"predecessor-version":[{"id":3918,"href":"https:\/\/prefeitura.santarosa.rs.gov.br\/index.php?rest_route=\/wp\/v2\/posts\/3916\/revisions\/3918"}],"wp:featuredmedia":[{"embeddable":true,"href":"https:\/\/prefeitura.santarosa.rs.gov.br\/index.php?rest_route=\/wp\/v2\/media\/3917"}],"wp:attachment":[{"href":"https:\/\/prefeitura.santarosa.rs.gov.br\/index.php?rest_route=%2Fwp%2Fv2%2Fmedia&parent=3916"}],"wp:term":[{"taxonomy":"category","embeddable":true,"href":"https:\/\/prefeitura.santarosa.rs.gov.br\/index.php?rest_route=%2Fwp%2Fv2%2Fcategories&post=3916"},{"taxonomy":"post_tag","embeddable":true,"href":"https:\/\/prefeitura.santarosa.rs.gov.br\/index.php?rest_route=%2Fwp%2Fv2%2Ftags&post=3916"}],"curies":[{"name":"wp","href":"https:\/\/api.w.org\/{rel}","templated":true}]}}