{"id":3895,"date":"2022-02-22T14:19:00","date_gmt":"2022-02-22T17:19:00","guid":{"rendered":"https:\/\/prefeitura.santarosa.rs.gov.br\/?p=3895"},"modified":"2024-10-07T09:54:27","modified_gmt":"2024-10-07T12:54:27","slug":"comunicado-2","status":"publish","type":"post","link":"https:\/\/prefeitura.santarosa.rs.gov.br\/?p=3895","title":{"rendered":"Comunicado"},"content":{"rendered":"\n<p>Feriados e pontos facultativos do munic\u00edpio<\/p>\n\n\n\n<p>A Prefeitura Municipal de Santa Rosa informa que, assim como foi definido em 2021, conforme a Lei Municipal 4.504 de 2009, que regulamenta os feriados e pontos facultativos do munic\u00edpio, n\u00e3o vai ser realizado feriado no per\u00edodo de Carnaval. Nos dias 28\/02, 01\/03 e 02\/03, o expediente e o atendimento v\u00e3o funcionar normalmente, das 07h30min \u00e0s 11h30min e das 13h30min \u00e0s 17h30min.<\/p>\n","protected":false},"excerpt":{"rendered":"<p>Feriados e pontos facultativos do munic\u00edpio A Prefeitura Municipal de Santa Rosa informa que, assim como foi definido em 2021,<\/p>\n","protected":false},"author":3,"featured_media":3896,"comment_status":"open","ping_status":"open","sticky":false,"template":"","format":"standard","meta":{"footnotes":""},"categories":[10,4],"tags":[],"class_list":["post-3895","post","type-post","status-publish","format-standard","has-post-thumbnail","hentry","category-geral","category-noticias"],"aioseo_notices":[],"_links":{"self":[{"href":"https:\/\/prefeitura.santarosa.rs.gov.br\/index.php?rest_route=\/wp\/v2\/posts\/3895","targetHints":{"allow":["GET"]}}],"collection":[{"href":"https:\/\/prefeitura.santarosa.rs.gov.br\/index.php?rest_route=\/wp\/v2\/posts"}],"about":[{"href":"https:\/\/prefeitura.santarosa.rs.gov.br\/index.php?rest_route=\/wp\/v2\/types\/post"}],"author":[{"embeddable":true,"href":"https:\/\/prefeitura.santarosa.rs.gov.br\/index.php?rest_route=\/wp\/v2\/users\/3"}],"replies":[{"embeddable":true,"href":"https:\/\/prefeitura.santarosa.rs.gov.br\/index.php?rest_route=%2Fwp%2Fv2%2Fcomments&post=3895"}],"version-history":[{"count":1,"href":"https:\/\/prefeitura.santarosa.rs.gov.br\/index.php?rest_route=\/wp\/v2\/posts\/3895\/revisions"}],"predecessor-version":[{"id":3897,"href":"https:\/\/prefeitura.santarosa.rs.gov.br\/index.php?rest_route=\/wp\/v2\/posts\/3895\/revisions\/3897"}],"wp:featuredmedia":[{"embeddable":true,"href":"https:\/\/prefeitura.santarosa.rs.gov.br\/index.php?rest_route=\/wp\/v2\/media\/3896"}],"wp:attachment":[{"href":"https:\/\/prefeitura.santarosa.rs.gov.br\/index.php?rest_route=%2Fwp%2Fv2%2Fmedia&parent=3895"}],"wp:term":[{"taxonomy":"category","embeddable":true,"href":"https:\/\/prefeitura.santarosa.rs.gov.br\/index.php?rest_route=%2Fwp%2Fv2%2Fcategories&post=3895"},{"taxonomy":"post_tag","embeddable":true,"href":"https:\/\/prefeitura.santarosa.rs.gov.br\/index.php?rest_route=%2Fwp%2Fv2%2Ftags&post=3895"}],"curies":[{"name":"wp","href":"https:\/\/api.w.org\/{rel}","templated":true}]}}