{"id":3883,"date":"2022-02-17T17:03:00","date_gmt":"2022-02-17T20:03:00","guid":{"rendered":"https:\/\/prefeitura.santarosa.rs.gov.br\/?p=3883"},"modified":"2024-10-07T09:54:28","modified_gmt":"2024-10-07T12:54:28","slug":"dia-em-familia-com-os-peraltas","status":"publish","type":"post","link":"https:\/\/prefeitura.santarosa.rs.gov.br\/?p=3883","title":{"rendered":"\u201cDIA EM FAM\u00cdLIA COM OS PERALTAS\u201d"},"content":{"rendered":"\n<p>Evento exclusivo para turmas da rede municipal de ensino.<\/p>\n\n\n\n<p>MINIST\u00c9RIO DO TURISMO, MAKRODAL, COMERCIAL ZAFFARI E STOK CENTER APRESENTAM \u201cDIA EM FAM\u00cdLIA COM OS PERALTAS\u201d.<\/p>\n\n\n\n<p>MAGIA, ENCANTO E MUITA ANIMA\u00c7\u00c3O PARA TODA A FAM\u00cdLIA.<\/p>\n\n\n\n<p>PATROC\u00cdNIO: MAKRODAL DISTRIBUIDORA DE ALIMENTOS, COMERCIAL ZAFFARI E STOK CENTER.<\/p>\n\n\n\n<p>PRODU\u00c7\u00c3O: MK PRODU\u00c7\u00d5ES CULTURAIS<\/p>\n\n\n\n<p>REALIZA\u00c7\u00c3O: MINIST\u00c9RIO DO TURISMO \u2013 SECRETARIA ESPECIAL DA CULTURA \u2013 GOVERNO FEDERAL \u2013 P\u00c1TRIA AMADA BRASIL<\/p>\n","protected":false},"excerpt":{"rendered":"<p>Evento exclusivo para turmas da rede municipal de ensino. MINIST\u00c9RIO DO TURISMO, MAKRODAL, COMERCIAL ZAFFARI E STOK CENTER APRESENTAM \u201cDIA<\/p>\n","protected":false},"author":3,"featured_media":3884,"comment_status":"open","ping_status":"open","sticky":false,"template":"","format":"standard","meta":{"footnotes":""},"categories":[4,18],"tags":[],"class_list":["post-3883","post","type-post","status-publish","format-standard","has-post-thumbnail","hentry","category-noticias","category-secretaria-municipal-de-educacao-e-cultura"],"aioseo_notices":[],"_links":{"self":[{"href":"https:\/\/prefeitura.santarosa.rs.gov.br\/index.php?rest_route=\/wp\/v2\/posts\/3883","targetHints":{"allow":["GET"]}}],"collection":[{"href":"https:\/\/prefeitura.santarosa.rs.gov.br\/index.php?rest_route=\/wp\/v2\/posts"}],"about":[{"href":"https:\/\/prefeitura.santarosa.rs.gov.br\/index.php?rest_route=\/wp\/v2\/types\/post"}],"author":[{"embeddable":true,"href":"https:\/\/prefeitura.santarosa.rs.gov.br\/index.php?rest_route=\/wp\/v2\/users\/3"}],"replies":[{"embeddable":true,"href":"https:\/\/prefeitura.santarosa.rs.gov.br\/index.php?rest_route=%2Fwp%2Fv2%2Fcomments&post=3883"}],"version-history":[{"count":1,"href":"https:\/\/prefeitura.santarosa.rs.gov.br\/index.php?rest_route=\/wp\/v2\/posts\/3883\/revisions"}],"predecessor-version":[{"id":3885,"href":"https:\/\/prefeitura.santarosa.rs.gov.br\/index.php?rest_route=\/wp\/v2\/posts\/3883\/revisions\/3885"}],"wp:featuredmedia":[{"embeddable":true,"href":"https:\/\/prefeitura.santarosa.rs.gov.br\/index.php?rest_route=\/wp\/v2\/media\/3884"}],"wp:attachment":[{"href":"https:\/\/prefeitura.santarosa.rs.gov.br\/index.php?rest_route=%2Fwp%2Fv2%2Fmedia&parent=3883"}],"wp:term":[{"taxonomy":"category","embeddable":true,"href":"https:\/\/prefeitura.santarosa.rs.gov.br\/index.php?rest_route=%2Fwp%2Fv2%2Fcategories&post=3883"},{"taxonomy":"post_tag","embeddable":true,"href":"https:\/\/prefeitura.santarosa.rs.gov.br\/index.php?rest_route=%2Fwp%2Fv2%2Ftags&post=3883"}],"curies":[{"name":"wp","href":"https:\/\/api.w.org\/{rel}","templated":true}]}}