{"id":3853,"date":"2022-02-11T14:39:00","date_gmt":"2022-02-11T17:39:00","guid":{"rendered":"https:\/\/prefeitura.santarosa.rs.gov.br\/?p=3853"},"modified":"2024-10-07T09:54:28","modified_gmt":"2024-10-07T12:54:28","slug":"xuxa-cumpre-agenda-de-gravacao-para-documentario-biografico","status":"publish","type":"post","link":"https:\/\/prefeitura.santarosa.rs.gov.br\/?p=3853","title":{"rendered":"Xuxa cumpre agenda de grava\u00e7\u00e3o para document\u00e1rio biogr\u00e1fico"},"content":{"rendered":"\n<p>Xuxa foi recepcionada por muitos f\u00e3s que aguardaram todo o per\u00edodo de grava\u00e7\u00e3o para falar com a artista.<\/p>\n\n\n\n<p>A artista Xuxa Meneghel, que retornou para Santa Rosa depois de 20 anos, esteve na tarde desta quinta-feira (10), cumprindo uma extensa agenda para gravar as cenas do document\u00e1rio. O material audiovisual est\u00e1 sendo produzido pela Globo Filmes e Endemol. A santa-rosense, acompanhada da filha Sasha, do genro, demais familiares e equipe de produ\u00e7\u00e3o visitaram o complexo que inclui o p\u00f3rtico e o Memorial Casa da Xuxa (local onde a apresentadora morou na inf\u00e2ncia) para realizar as filmagens.<br><br>Xuxa foi recepcionada por muitos f\u00e3s que aguardaram todo o per\u00edodo de grava\u00e7\u00e3o para falar com a artista. Muito emocionada, Xuxa caminhou da casa onde morava at\u00e9 o p\u00f3rtico, distribuindo aut\u00f3grafos e tirando fotos com os f\u00e3s. A artista dirigiu pelo centro da cidade, cumprimentando a popula\u00e7\u00e3o. Tamb\u00e9m foram realizadas filmagens no Cart\u00f3rio Heigert e no Clube Conc\u00f3rdia. O document\u00e1rio biogr\u00e1fico vai contar a hist\u00f3ria da apresentadora, mostrando toda a trajet\u00f3ria e os locais que fazem parte da hist\u00f3ria da Rainha dos Baixinhos. Est\u00e1 prevista para a tarde desta sexta-feira (11), uma visita at\u00e9 a cidade de Porto Mau\u00e1, onde a artista vai gravar cenas no Rio Uruguai.<br><br>Ap\u00f3s o t\u00e9rmino das grava\u00e7\u00f5es, a Prefeitura vai transformar o Memorial Casa da Xuxa em uma Central de Informa\u00e7\u00f5es Tur\u00edsticas do Munic\u00edpio. O local vai contar com sala de leitura, exposi\u00e7\u00e3o\/memorial da Xuxa e uma sala interativa com multim\u00eddia, al\u00e9m de um caf\u00e9 tem\u00e1tico para o p\u00fablico. A artista deve regressar para o Rio de Janeiro ainda nesta sexta-feira.<\/p>\n","protected":false},"excerpt":{"rendered":"<p>Xuxa foi recepcionada por muitos f\u00e3s que aguardaram todo o per\u00edodo de grava\u00e7\u00e3o para falar com a artista. A artista<\/p>\n","protected":false},"author":3,"featured_media":3854,"comment_status":"open","ping_status":"open","sticky":false,"template":"","format":"standard","meta":{"footnotes":""},"categories":[4,16],"tags":[],"class_list":["post-3853","post","type-post","status-publish","format-standard","has-post-thumbnail","hentry","category-noticias","category-secretaria-municipal-de-desenvolvimento-economico-turismo-e-tecnologia"],"aioseo_notices":[],"_links":{"self":[{"href":"https:\/\/prefeitura.santarosa.rs.gov.br\/index.php?rest_route=\/wp\/v2\/posts\/3853","targetHints":{"allow":["GET"]}}],"collection":[{"href":"https:\/\/prefeitura.santarosa.rs.gov.br\/index.php?rest_route=\/wp\/v2\/posts"}],"about":[{"href":"https:\/\/prefeitura.santarosa.rs.gov.br\/index.php?rest_route=\/wp\/v2\/types\/post"}],"author":[{"embeddable":true,"href":"https:\/\/prefeitura.santarosa.rs.gov.br\/index.php?rest_route=\/wp\/v2\/users\/3"}],"replies":[{"embeddable":true,"href":"https:\/\/prefeitura.santarosa.rs.gov.br\/index.php?rest_route=%2Fwp%2Fv2%2Fcomments&post=3853"}],"version-history":[{"count":1,"href":"https:\/\/prefeitura.santarosa.rs.gov.br\/index.php?rest_route=\/wp\/v2\/posts\/3853\/revisions"}],"predecessor-version":[{"id":3855,"href":"https:\/\/prefeitura.santarosa.rs.gov.br\/index.php?rest_route=\/wp\/v2\/posts\/3853\/revisions\/3855"}],"wp:featuredmedia":[{"embeddable":true,"href":"https:\/\/prefeitura.santarosa.rs.gov.br\/index.php?rest_route=\/wp\/v2\/media\/3854"}],"wp:attachment":[{"href":"https:\/\/prefeitura.santarosa.rs.gov.br\/index.php?rest_route=%2Fwp%2Fv2%2Fmedia&parent=3853"}],"wp:term":[{"taxonomy":"category","embeddable":true,"href":"https:\/\/prefeitura.santarosa.rs.gov.br\/index.php?rest_route=%2Fwp%2Fv2%2Fcategories&post=3853"},{"taxonomy":"post_tag","embeddable":true,"href":"https:\/\/prefeitura.santarosa.rs.gov.br\/index.php?rest_route=%2Fwp%2Fv2%2Ftags&post=3853"}],"curies":[{"name":"wp","href":"https:\/\/api.w.org\/{rel}","templated":true}]}}