{"id":3850,"date":"2022-02-11T08:23:00","date_gmt":"2022-02-11T11:23:00","guid":{"rendered":"https:\/\/prefeitura.santarosa.rs.gov.br\/?p=3850"},"modified":"2024-10-07T09:54:28","modified_gmt":"2024-10-07T12:54:28","slug":"cer-de-santa-rosa-realiza-capacitacao-para-profissionais-da-educacao","status":"publish","type":"post","link":"https:\/\/prefeitura.santarosa.rs.gov.br\/?p=3850","title":{"rendered":"CER de Santa Rosa realiza capacita\u00e7\u00e3o para profissionais da Educa\u00e7\u00e3o"},"content":{"rendered":"\n<p>O encontro aconteceu no turno da tarde, no audit\u00f3rio do CEREST, com muitas trocas e amplia\u00e7\u00e3o de conhecimento.<\/p>\n\n\n\n<p>A equipe t\u00e9cnica do Centro Especializado em Reabilita\u00e7\u00e3o Auditiva e Intelectual (CER II Santa Rosa), realizou nesta semana, uma capacita\u00e7\u00e3o com os professores do Atendimento Educacional Especializado (AEE), Centro de Atendimento Educacional Especializado (CAEE) e com psic\u00f3logas da Secretaria de Educa\u00e7\u00e3o de Santa Rosa.<br><br>A fonoaudi\u00f3loga e Coordenadora do CER II, Micheli Pes, junto com a psic\u00f3loga Franciele Bach, abordaram a seguinte tem\u00e1tica: \u201cInterface entre a Reabilita\u00e7\u00e3o Intelectual e Educa\u00e7\u00e3o\u201d. Na oportunidade, foi explanado sobre defici\u00eancia intelectual, esclarecendo conceito, formas de avalia\u00e7\u00e3o e diagn\u00f3stico. Al\u00e9m disso, as palestrantes falaram sobre a avalia\u00e7\u00e3o do diagn\u00f3stico diferencial, tratando conte\u00fados como: dislexia, discalculia, disgrafia e dificuldades auditivas.<br><br>A Coordenadora do CER II, Micheli Pes, destacou a import\u00e2ncia da capacita\u00e7\u00e3o, \u201cAl\u00e9m de ampliar o conhecimento, a forma\u00e7\u00e3o teve como objetivo fortalecer os elos entre as \u00e1reas da educa\u00e7\u00e3o e sa\u00fade, proporcionando um melhor trabalho em conjunto para beneficiar cada vez mais, crian\u00e7as e adolescentes com diagn\u00f3stico de d\u00e9ficit intelectual, dislexia, discalculia e disgrafia\u201d. Ao todo, 20 profissionais da educa\u00e7\u00e3o participaram da forma\u00e7\u00e3o. O encontro aconteceu no turno da tarde, no audit\u00f3rio do CEREST, com muitas trocas e amplia\u00e7\u00e3o de conhecimento.<\/p>\n\n\n\n<p><a href=\"https:\/\/www.santarosa.rs.gov.br\/imagens\/noticias\/202202118240372.jpg\"><\/a><\/p>\n","protected":false},"excerpt":{"rendered":"<p>O encontro aconteceu no turno da tarde, no audit\u00f3rio do CEREST, com muitas trocas e amplia\u00e7\u00e3o de conhecimento. A equipe<\/p>\n","protected":false},"author":3,"featured_media":3851,"comment_status":"open","ping_status":"open","sticky":false,"template":"","format":"standard","meta":{"footnotes":""},"categories":[4,8],"tags":[],"class_list":["post-3850","post","type-post","status-publish","format-standard","has-post-thumbnail","hentry","category-noticias","category-noticias-fumssar"],"aioseo_notices":[],"_links":{"self":[{"href":"https:\/\/prefeitura.santarosa.rs.gov.br\/index.php?rest_route=\/wp\/v2\/posts\/3850","targetHints":{"allow":["GET"]}}],"collection":[{"href":"https:\/\/prefeitura.santarosa.rs.gov.br\/index.php?rest_route=\/wp\/v2\/posts"}],"about":[{"href":"https:\/\/prefeitura.santarosa.rs.gov.br\/index.php?rest_route=\/wp\/v2\/types\/post"}],"author":[{"embeddable":true,"href":"https:\/\/prefeitura.santarosa.rs.gov.br\/index.php?rest_route=\/wp\/v2\/users\/3"}],"replies":[{"embeddable":true,"href":"https:\/\/prefeitura.santarosa.rs.gov.br\/index.php?rest_route=%2Fwp%2Fv2%2Fcomments&post=3850"}],"version-history":[{"count":1,"href":"https:\/\/prefeitura.santarosa.rs.gov.br\/index.php?rest_route=\/wp\/v2\/posts\/3850\/revisions"}],"predecessor-version":[{"id":3852,"href":"https:\/\/prefeitura.santarosa.rs.gov.br\/index.php?rest_route=\/wp\/v2\/posts\/3850\/revisions\/3852"}],"wp:featuredmedia":[{"embeddable":true,"href":"https:\/\/prefeitura.santarosa.rs.gov.br\/index.php?rest_route=\/wp\/v2\/media\/3851"}],"wp:attachment":[{"href":"https:\/\/prefeitura.santarosa.rs.gov.br\/index.php?rest_route=%2Fwp%2Fv2%2Fmedia&parent=3850"}],"wp:term":[{"taxonomy":"category","embeddable":true,"href":"https:\/\/prefeitura.santarosa.rs.gov.br\/index.php?rest_route=%2Fwp%2Fv2%2Fcategories&post=3850"},{"taxonomy":"post_tag","embeddable":true,"href":"https:\/\/prefeitura.santarosa.rs.gov.br\/index.php?rest_route=%2Fwp%2Fv2%2Ftags&post=3850"}],"curies":[{"name":"wp","href":"https:\/\/api.w.org\/{rel}","templated":true}]}}