{"id":3844,"date":"2022-02-10T08:28:00","date_gmt":"2022-02-10T11:28:00","guid":{"rendered":"https:\/\/prefeitura.santarosa.rs.gov.br\/?p=3844"},"modified":"2024-10-07T09:54:28","modified_gmt":"2024-10-07T12:54:28","slug":"gestao-estrategica-da-fumssar-foca-na-melhoria-continua-dos-servicos","status":"publish","type":"post","link":"https:\/\/prefeitura.santarosa.rs.gov.br\/?p=3844","title":{"rendered":"Gest\u00e3o Estrat\u00e9gica da FUMSSAR foca na melhoria cont\u00ednua dos servi\u00e7os"},"content":{"rendered":"\n<p>O objetivo foi implementar a\u00e7\u00f5es para o aprimoramento da gest\u00e3o e dos processos, como tamb\u00e9m, desenvolver projetos focados na melhoria cont\u00ednua dos servi\u00e7os para os cidad\u00e3os.<\/p>\n\n\n\n<p>O Departamento de Gest\u00e3o Estrat\u00e9gica e Participativa (DGEP) da Funda\u00e7\u00e3o Municipal de Sa\u00fade de Santa Rosa, realizou uma reuni\u00e3o com os servidores. O objetivo foi implementar a\u00e7\u00f5es para o aprimoramento da gest\u00e3o e dos processos, como tamb\u00e9m, desenvolver projetos focados na melhoria cont\u00ednua dos servi\u00e7os para os cidad\u00e3os.<br><br>Ap\u00f3s realizar um diagn\u00f3stico situacional, a equipe definiu o planejamento estrat\u00e9gico das a\u00e7\u00f5es para 2022. Com isso, foi poss\u00edvel tra\u00e7ar metas e criar novos procedimentos que possam otimizar o fluxo dos processos e facilitar o acompanhamento dos indicadores. Para o Diretor de Gest\u00e3o Estrat\u00e9gica e Participativa da FUMSSAR, Fernando Borella, o planejamento pr\u00e9vio das a\u00e7\u00f5es \u00e9 essencial para obter bons resultados, \u201cCom o planejamento podemos criar estrat\u00e9gias, ferramentas de controle e m\u00e9todos para avaliar os servi\u00e7os. Essa \u00e9 a melhor forma de gerenciar qualquer atividade. Na gest\u00e3o, os indicadores de produtividade permitem medir com precis\u00e3o quantos produtos ou servi\u00e7os foram gerados, levando em conta a quantidade, os custos e os esfor\u00e7os empregados\u201d.<br><br>Na reuni\u00e3o, foram elencadas v\u00e1rias estrat\u00e9gias para o controle e melhorias dos servi\u00e7os da FUMSSAR, com foco naqueles que t\u00eam rela\u00e7\u00e3o direta e indireta com o usu\u00e1rio do SUS, como por exemplo: o transporte sanit\u00e1rio, manuten\u00e7\u00e3o de equipamentos, estoque de material, tecnologia da informa\u00e7\u00e3o, entre outros. A integra\u00e7\u00e3o entre servidores de \u00e1reas distintas facilita o desenvolvimento do trabalho, melhorando a comunica\u00e7\u00e3o e o relacionamento interpessoal das equipes.<\/p>\n","protected":false},"excerpt":{"rendered":"<p>O objetivo foi implementar a\u00e7\u00f5es para o aprimoramento da gest\u00e3o e dos processos, como tamb\u00e9m, desenvolver projetos focados na melhoria<\/p>\n","protected":false},"author":3,"featured_media":3845,"comment_status":"open","ping_status":"open","sticky":false,"template":"","format":"standard","meta":{"footnotes":""},"categories":[4,8],"tags":[],"class_list":["post-3844","post","type-post","status-publish","format-standard","has-post-thumbnail","hentry","category-noticias","category-noticias-fumssar"],"aioseo_notices":[],"_links":{"self":[{"href":"https:\/\/prefeitura.santarosa.rs.gov.br\/index.php?rest_route=\/wp\/v2\/posts\/3844","targetHints":{"allow":["GET"]}}],"collection":[{"href":"https:\/\/prefeitura.santarosa.rs.gov.br\/index.php?rest_route=\/wp\/v2\/posts"}],"about":[{"href":"https:\/\/prefeitura.santarosa.rs.gov.br\/index.php?rest_route=\/wp\/v2\/types\/post"}],"author":[{"embeddable":true,"href":"https:\/\/prefeitura.santarosa.rs.gov.br\/index.php?rest_route=\/wp\/v2\/users\/3"}],"replies":[{"embeddable":true,"href":"https:\/\/prefeitura.santarosa.rs.gov.br\/index.php?rest_route=%2Fwp%2Fv2%2Fcomments&post=3844"}],"version-history":[{"count":1,"href":"https:\/\/prefeitura.santarosa.rs.gov.br\/index.php?rest_route=\/wp\/v2\/posts\/3844\/revisions"}],"predecessor-version":[{"id":3846,"href":"https:\/\/prefeitura.santarosa.rs.gov.br\/index.php?rest_route=\/wp\/v2\/posts\/3844\/revisions\/3846"}],"wp:featuredmedia":[{"embeddable":true,"href":"https:\/\/prefeitura.santarosa.rs.gov.br\/index.php?rest_route=\/wp\/v2\/media\/3845"}],"wp:attachment":[{"href":"https:\/\/prefeitura.santarosa.rs.gov.br\/index.php?rest_route=%2Fwp%2Fv2%2Fmedia&parent=3844"}],"wp:term":[{"taxonomy":"category","embeddable":true,"href":"https:\/\/prefeitura.santarosa.rs.gov.br\/index.php?rest_route=%2Fwp%2Fv2%2Fcategories&post=3844"},{"taxonomy":"post_tag","embeddable":true,"href":"https:\/\/prefeitura.santarosa.rs.gov.br\/index.php?rest_route=%2Fwp%2Fv2%2Ftags&post=3844"}],"curies":[{"name":"wp","href":"https:\/\/api.w.org\/{rel}","templated":true}]}}