{"id":3837,"date":"2022-02-07T17:35:00","date_gmt":"2022-02-07T20:35:00","guid":{"rendered":"https:\/\/prefeitura.santarosa.rs.gov.br\/?p=3837"},"modified":"2024-10-07T09:54:28","modified_gmt":"2024-10-07T12:54:28","slug":"i-forum-macrorregional-do-transtorno-do-espectro-autista","status":"publish","type":"post","link":"https:\/\/prefeitura.santarosa.rs.gov.br\/?p=3837","title":{"rendered":"I F\u00f3rum Macrorregional do Transtorno do Espectro Autista"},"content":{"rendered":"\n<p>O objetivo do F\u00f3rum foi trazer uma proposta voltada para a educa\u00e7\u00e3o, com conte\u00fados que trazem mais qualifica\u00e7\u00e3o para os profissionais desta \u00e1rea.<\/p>\n\n\n\n<p>A Funda\u00e7\u00e3o Municipal de Sa\u00fade em parceria com o CMR TEAcolhe Santa Rosa, realizou na sexta-feira (04), o I F\u00f3rum Macrorregional do Transtorno do Espectro Autista: Um olhar para a educa\u00e7\u00e3o. O evento aconteceu de forma online e foi transmitido pelo canal da MacroTEA, na plataforma Youtube. O F\u00f3rum contou com a representa\u00e7\u00e3o de 67 munic\u00edpios, inclusive com espectadores da Bahia, Sergipe e Mato Grosso. Ao todo, foram realizadas 1.200 inscri\u00e7\u00f5es para participar do evento e o conte\u00fado j\u00e1 teve at\u00e9 o momento, 2.400 visualiza\u00e7\u00f5es.<br><br>O objetivo do F\u00f3rum foi trazer uma proposta voltada para a educa\u00e7\u00e3o, com conte\u00fados que trazem mais qualifica\u00e7\u00e3o para os profissionais desta \u00e1rea. O presidente da FUMSSAR, D\u00e9lcio Stefan, destacou a import\u00e2ncia do evento, \u201cTivemos um excelente F\u00f3rum, com a presen\u00e7a de diferentes tem\u00e1ticas do TEA e que proporcionou aos profissionais da educa\u00e7\u00e3o um avan\u00e7o na qualifica\u00e7\u00e3o e capacita\u00e7\u00e3o, nesse momento em que iniciam mais um per\u00edodo letivo\u201d.<br><br>O evento contou com a presen\u00e7a de diversas autoridades entre elas, o Vice-Prefeito Aldemir Ulrich, a Secret\u00e1ria de Educa\u00e7\u00e3o, Lires Zimmermann F\u00fchr, a Secret\u00e1ria de Desenvolvimento Social, Rita Strasser, o Presidente do COSEMS, Maicom Lemos, o Deputado Estadual, Eduardo Loureiro, propositor da Lei 15.322\/2019 que oportunizou um programa de atendimento integrado aos autistas do Rio Grande do Sul e a Secret\u00e1ria de Sa\u00fade Adjunta da SES\/RS, Ana Costa que representou tamb\u00e9m o Governo do Rio Grande do Sul. No turno da manh\u00e3, foram abordados temas como: \u201cAten\u00e7\u00e3o compartilhada e Identifica\u00e7\u00e3o de Sinais de Risco para o TEA\u201d pela Dra. Regina Basso Zanon &#8211; Docente na Universidade Federal da Grande Dourados (UFGD). Ainda no turno da manh\u00e3, o Centro de Atendimento Educacional Especializado (CAEE) trouxe um relato da experi\u00eancia no atendimento de crian\u00e7as com TEA. Na parte da tarde, a Dra. Ta\u00eds Guareschi de Souza e a Dra. M\u00e1rcia Alves, docentes da Universidade Federal de Santa Maria (UFSM) falaram sobre: \u201cAlunos com autismo na escola: algumas tessituras sobre as pr\u00e1ticas pedag\u00f3gicas\u201d e a equipe do CMR TEAcolhe de Santa Rosa abordou o tema: \u201cO desenvolvimento da Linguagem na pessoa com TEA\u201d.<br><br>Para visualizar o conte\u00fado do I F\u00f3rum Macrorregional do Transtorno do Espectro Autista: Um olhar para a educa\u00e7\u00e3o, \u00e9 s\u00f3 acessar os links no canal da MacroTEA, na plataforma Youtube.<br><br>&#8211; Link Manh\u00e3: <a href=\"https:\/\/www.youtube.com\/watch?v=tlrl6lybiog\" target=\"_blank\" rel=\"noreferrer noopener\">https:\/\/www.youtube.com\/watch?v=tlrl6lybiog<\/a><br><br>&#8211; Link Tarde: <a href=\"https:\/\/www.youtube.com\/watch?v=pwzyjx0wi_y\" target=\"_blank\" rel=\"noreferrer noopener\">https:\/\/www.youtube.com\/watch?v=pwzyjx0wi_y<\/a><\/p>\n","protected":false},"excerpt":{"rendered":"<p>O objetivo do F\u00f3rum foi trazer uma proposta voltada para a educa\u00e7\u00e3o, com conte\u00fados que trazem mais qualifica\u00e7\u00e3o para os<\/p>\n","protected":false},"author":3,"featured_media":3838,"comment_status":"open","ping_status":"open","sticky":false,"template":"","format":"standard","meta":{"footnotes":""},"categories":[4,8],"tags":[],"class_list":["post-3837","post","type-post","status-publish","format-standard","has-post-thumbnail","hentry","category-noticias","category-noticias-fumssar"],"aioseo_notices":[],"_links":{"self":[{"href":"https:\/\/prefeitura.santarosa.rs.gov.br\/index.php?rest_route=\/wp\/v2\/posts\/3837","targetHints":{"allow":["GET"]}}],"collection":[{"href":"https:\/\/prefeitura.santarosa.rs.gov.br\/index.php?rest_route=\/wp\/v2\/posts"}],"about":[{"href":"https:\/\/prefeitura.santarosa.rs.gov.br\/index.php?rest_route=\/wp\/v2\/types\/post"}],"author":[{"embeddable":true,"href":"https:\/\/prefeitura.santarosa.rs.gov.br\/index.php?rest_route=\/wp\/v2\/users\/3"}],"replies":[{"embeddable":true,"href":"https:\/\/prefeitura.santarosa.rs.gov.br\/index.php?rest_route=%2Fwp%2Fv2%2Fcomments&post=3837"}],"version-history":[{"count":1,"href":"https:\/\/prefeitura.santarosa.rs.gov.br\/index.php?rest_route=\/wp\/v2\/posts\/3837\/revisions"}],"predecessor-version":[{"id":3839,"href":"https:\/\/prefeitura.santarosa.rs.gov.br\/index.php?rest_route=\/wp\/v2\/posts\/3837\/revisions\/3839"}],"wp:featuredmedia":[{"embeddable":true,"href":"https:\/\/prefeitura.santarosa.rs.gov.br\/index.php?rest_route=\/wp\/v2\/media\/3838"}],"wp:attachment":[{"href":"https:\/\/prefeitura.santarosa.rs.gov.br\/index.php?rest_route=%2Fwp%2Fv2%2Fmedia&parent=3837"}],"wp:term":[{"taxonomy":"category","embeddable":true,"href":"https:\/\/prefeitura.santarosa.rs.gov.br\/index.php?rest_route=%2Fwp%2Fv2%2Fcategories&post=3837"},{"taxonomy":"post_tag","embeddable":true,"href":"https:\/\/prefeitura.santarosa.rs.gov.br\/index.php?rest_route=%2Fwp%2Fv2%2Ftags&post=3837"}],"curies":[{"name":"wp","href":"https:\/\/api.w.org\/{rel}","templated":true}]}}