{"id":3789,"date":"2022-01-25T09:57:00","date_gmt":"2022-01-25T12:57:00","guid":{"rendered":"https:\/\/prefeitura.santarosa.rs.gov.br\/?p=3789"},"modified":"2024-10-07T09:54:28","modified_gmt":"2024-10-07T12:54:28","slug":"santa-rosa-vai-ter-mais-uma-escola-de-educacao-infantil","status":"publish","type":"post","link":"https:\/\/prefeitura.santarosa.rs.gov.br\/?p=3789","title":{"rendered":"Santa Rosa vai ter mais uma Escola de Educa\u00e7\u00e3o Infantil"},"content":{"rendered":"\n<p>A Escola de Educa\u00e7\u00e3o Infantil vai atender turmas de creche e pr\u00e9-escola, abrindo em torno de 180 vagas.<\/p>\n\n\n\n<p>O Prefeito Anderson Mantei assinou o in\u00edcio de uma importante obra para Santa Rosa. O munic\u00edpio vai ganhar mais uma Escola de Educa\u00e7\u00e3o Infantil. O projeto contempla a constru\u00e7\u00e3o de um pr\u00e9dio para o funcionamento da E.M.E.I Paulo Freire. Os alunos v\u00e3o ganhar uma escola totalmente nova, projetada para atender as turmas da escola que hoje est\u00e1 funcionando em uma casa alugada na Vila Pereira.<br><br>Ao todo, a escola ter\u00e1 1.510,23m\u00b2 de \u00e1rea constru\u00edda. O novo pr\u00e9dio fica localizado na Rua Jos\u00e9 Maic\u00e1, 75, Vila Pereira, no bairro Cruzeiro. Esta \u00e9 mais uma obra importante que est\u00e1 tendo in\u00edcio esse ano. O local da constru\u00e7\u00e3o, antes era utilizado como academia aberta e para pr\u00e1tica esportiva. Parte da estrutura vai seguir para o esporte, j\u00e1 que a obra n\u00e3o vai utilizar todo o espa\u00e7o. O prefeito Anderson Mantei destacou a import\u00e2ncia para o munic\u00edpio, \u201cNosso objetivo \u00e9 proporcionar para a comunidade mais infraestrutura e qualidade de vida, oferecendo um local adequado para as crian\u00e7as. Esta \u00e9 mais uma promessa que fizemos e estamos cumprindo, oportunizando um melhor espa\u00e7o e mais vagas\u201d.<br><br>A Escola de Educa\u00e7\u00e3o Infantil vai atender turmas de creche e pr\u00e9-escola, abrindo em torno de 180 vagas. &#8220;Inicialmente, v\u00e3o ser acomodadas as quatro turmas j\u00e1 existentes e, progressivamente, ser\u00e3o abertas novas turmas&#8221;, explica a Secret\u00e1ria de Educa\u00e7\u00e3o Lires Zimmermann. O prazo para execu\u00e7\u00e3o \u00e9 de 540 dias. O valor do contrato \u00e9 de R$ 4.916.195,31 (quatro milh\u00f5es, novecentos e dezesseis mil, cento e noventa e cinco reais e trinta e um centavos) de recurso da Prefeitura. O profissional designado para fiscaliza\u00e7\u00e3o da obra \u00e9 o Engenheiro Civil, Guilherme Eduardo Riffel. A empresa respons\u00e1vel pela obra \u00e9 a Servicons Constru\u00e7\u00f5es Especializadas \u2013 Eireli.<\/p>\n","protected":false},"excerpt":{"rendered":"<p>A Escola de Educa\u00e7\u00e3o Infantil vai atender turmas de creche e pr\u00e9-escola, abrindo em torno de 180 vagas. O Prefeito<\/p>\n","protected":false},"author":3,"featured_media":3790,"comment_status":"open","ping_status":"open","sticky":false,"template":"","format":"standard","meta":{"footnotes":""},"categories":[4,18,3],"tags":[],"class_list":["post-3789","post","type-post","status-publish","format-standard","has-post-thumbnail","hentry","category-noticias","category-secretaria-municipal-de-educacao-e-cultura","category-gabinete-do-prefeito"],"aioseo_notices":[],"_links":{"self":[{"href":"https:\/\/prefeitura.santarosa.rs.gov.br\/index.php?rest_route=\/wp\/v2\/posts\/3789","targetHints":{"allow":["GET"]}}],"collection":[{"href":"https:\/\/prefeitura.santarosa.rs.gov.br\/index.php?rest_route=\/wp\/v2\/posts"}],"about":[{"href":"https:\/\/prefeitura.santarosa.rs.gov.br\/index.php?rest_route=\/wp\/v2\/types\/post"}],"author":[{"embeddable":true,"href":"https:\/\/prefeitura.santarosa.rs.gov.br\/index.php?rest_route=\/wp\/v2\/users\/3"}],"replies":[{"embeddable":true,"href":"https:\/\/prefeitura.santarosa.rs.gov.br\/index.php?rest_route=%2Fwp%2Fv2%2Fcomments&post=3789"}],"version-history":[{"count":1,"href":"https:\/\/prefeitura.santarosa.rs.gov.br\/index.php?rest_route=\/wp\/v2\/posts\/3789\/revisions"}],"predecessor-version":[{"id":3791,"href":"https:\/\/prefeitura.santarosa.rs.gov.br\/index.php?rest_route=\/wp\/v2\/posts\/3789\/revisions\/3791"}],"wp:featuredmedia":[{"embeddable":true,"href":"https:\/\/prefeitura.santarosa.rs.gov.br\/index.php?rest_route=\/wp\/v2\/media\/3790"}],"wp:attachment":[{"href":"https:\/\/prefeitura.santarosa.rs.gov.br\/index.php?rest_route=%2Fwp%2Fv2%2Fmedia&parent=3789"}],"wp:term":[{"taxonomy":"category","embeddable":true,"href":"https:\/\/prefeitura.santarosa.rs.gov.br\/index.php?rest_route=%2Fwp%2Fv2%2Fcategories&post=3789"},{"taxonomy":"post_tag","embeddable":true,"href":"https:\/\/prefeitura.santarosa.rs.gov.br\/index.php?rest_route=%2Fwp%2Fv2%2Ftags&post=3789"}],"curies":[{"name":"wp","href":"https:\/\/api.w.org\/{rel}","templated":true}]}}