{"id":3771,"date":"2022-01-19T16:57:00","date_gmt":"2022-01-19T19:57:00","guid":{"rendered":"https:\/\/prefeitura.santarosa.rs.gov.br\/?p=3771"},"modified":"2024-10-07T09:54:40","modified_gmt":"2024-10-07T12:54:40","slug":"reforma-na-passarela-da-planalto-deve-ficar-pronta-na-proxima-semana","status":"publish","type":"post","link":"https:\/\/prefeitura.santarosa.rs.gov.br\/?p=3771","title":{"rendered":"Reforma na passarela da Planalto deve ficar pronta na pr\u00f3xima semana"},"content":{"rendered":"\n<p>Expectativa \u00e9 que at\u00e9 o fim da pr\u00f3xima semana a obra esteja totalmente conclu\u00edda<\/p>\n\n\n\n<p>Na manh\u00e3 desta quarta-feira(19), o Secret\u00e1rio de Obras Rodrigo Burkle esteve acompanhando o andamento da obra da Planalto. A reforma na passarela Ademar Pereira da Luz est\u00e1 sendo realizada desde o final de dezembro por uma empresa contratada pela Prefeitura. A obra conta com servi\u00e7o de estabiliza\u00e7\u00e3o da cabeceira da ponte com pedras, execu\u00e7\u00e3o de estrutura met\u00e1lica para apoio da passarela, passarela e passeio em concreto e guarda corpo em estrutura met\u00e1lica.<br><br>Rodrigo Burkle que vem acompanhando a obra, acredita que at\u00e9 pr\u00f3xima semana deve ser finalizada, \u201cA equipe est\u00e1 trabalhando direto para que o quanto antes possamos entregar mais esta obra para a comunidade. A expectativa \u00e9 que at\u00e9 o fim da pr\u00f3xima semana ela esteja totalmente conclu\u00edda\u201d. A empresa autorizada para a obra \u00e9 a ENPHASE pavimenta\u00e7\u00f5es LTDA. O valor inicial foi de R$ 77.849,23 (setenta e sete mil, oitocentos e quarenta e nove reais e vinte e tr\u00eas centavos), sendo que foi necess\u00e1rio mais dois aditivos para adequa\u00e7\u00f5es ao local que n\u00e3o estavam previstos na contrata\u00e7\u00e3o original, sendo um de cerca de R$ 18 mil e outro de aproximadamente R$ 20 mil. O Engenheiro respons\u00e1vel pela obra \u00e9 Lu\u00eds Fernando Cad\u00f3 Marzari.<\/p>\n","protected":false},"excerpt":{"rendered":"<p>Expectativa \u00e9 que at\u00e9 o fim da pr\u00f3xima semana a obra esteja totalmente conclu\u00edda Na manh\u00e3 desta quarta-feira(19), o Secret\u00e1rio<\/p>\n","protected":false},"author":3,"featured_media":3772,"comment_status":"open","ping_status":"open","sticky":false,"template":"","format":"standard","meta":{"footnotes":""},"categories":[4,21],"tags":[],"class_list":["post-3771","post","type-post","status-publish","format-standard","has-post-thumbnail","hentry","category-noticias","category-secretaria-municipal-de-obras"],"aioseo_notices":[],"_links":{"self":[{"href":"https:\/\/prefeitura.santarosa.rs.gov.br\/index.php?rest_route=\/wp\/v2\/posts\/3771","targetHints":{"allow":["GET"]}}],"collection":[{"href":"https:\/\/prefeitura.santarosa.rs.gov.br\/index.php?rest_route=\/wp\/v2\/posts"}],"about":[{"href":"https:\/\/prefeitura.santarosa.rs.gov.br\/index.php?rest_route=\/wp\/v2\/types\/post"}],"author":[{"embeddable":true,"href":"https:\/\/prefeitura.santarosa.rs.gov.br\/index.php?rest_route=\/wp\/v2\/users\/3"}],"replies":[{"embeddable":true,"href":"https:\/\/prefeitura.santarosa.rs.gov.br\/index.php?rest_route=%2Fwp%2Fv2%2Fcomments&post=3771"}],"version-history":[{"count":1,"href":"https:\/\/prefeitura.santarosa.rs.gov.br\/index.php?rest_route=\/wp\/v2\/posts\/3771\/revisions"}],"predecessor-version":[{"id":3773,"href":"https:\/\/prefeitura.santarosa.rs.gov.br\/index.php?rest_route=\/wp\/v2\/posts\/3771\/revisions\/3773"}],"wp:featuredmedia":[{"embeddable":true,"href":"https:\/\/prefeitura.santarosa.rs.gov.br\/index.php?rest_route=\/wp\/v2\/media\/3772"}],"wp:attachment":[{"href":"https:\/\/prefeitura.santarosa.rs.gov.br\/index.php?rest_route=%2Fwp%2Fv2%2Fmedia&parent=3771"}],"wp:term":[{"taxonomy":"category","embeddable":true,"href":"https:\/\/prefeitura.santarosa.rs.gov.br\/index.php?rest_route=%2Fwp%2Fv2%2Fcategories&post=3771"},{"taxonomy":"post_tag","embeddable":true,"href":"https:\/\/prefeitura.santarosa.rs.gov.br\/index.php?rest_route=%2Fwp%2Fv2%2Ftags&post=3771"}],"curies":[{"name":"wp","href":"https:\/\/api.w.org\/{rel}","templated":true}]}}