{"id":3765,"date":"2022-01-19T14:01:00","date_gmt":"2022-01-19T17:01:00","guid":{"rendered":"https:\/\/prefeitura.santarosa.rs.gov.br\/?p=3765"},"modified":"2024-10-07T09:54:40","modified_gmt":"2024-10-07T12:54:40","slug":"fumssar-realiza-2-500-testes-para-covid-19-em-duas-semanas","status":"publish","type":"post","link":"https:\/\/prefeitura.santarosa.rs.gov.br\/?p=3765","title":{"rendered":"FUMSSAR realiza 2.500 testes para COVID-19 em duas semanas"},"content":{"rendered":"\n<p>Com o significante aumento dos casos na regi\u00e3o, foi necess\u00e1rio oferecer mais locais e hor\u00e1rios para a popula\u00e7\u00e3o com sintomas realizar o teste.<\/p>\n\n\n\n<p>A Funda\u00e7\u00e3o Municipal de Sa\u00fade de Santa Rosa tem realizado uma ampla testagem da COVID-19. Com o significante aumento dos casos na regi\u00e3o, foi necess\u00e1rio oferecer mais locais e hor\u00e1rios para a popula\u00e7\u00e3o com sintomas realizar o teste. Em m\u00e9dia, s\u00e3o 208 testes por dia, entre Sentinela, Unidades B\u00e1sicas de Sa\u00fade e demais pontos de testagem. Desde o in\u00edcio do ano, de 03 a 18 de janeiro, foram realizados 2.500 testes, de segunda a sexta-feira. Na ter\u00e7a-feira (18), a Funda\u00e7\u00e3o realizou 402 testagens, destas 235 foram positivas para a COVID-19.<br><br>Devido o significativo aumento na procura por testes, a FUMSSAR informa que n\u00e3o est\u00e1 mais realizando o agendamento de hor\u00e1rios para essa semana, pois est\u00e1 aguardando a chega de novos testes. A Funda\u00e7\u00e3o realizou, no in\u00edcio de janeiro, uma compra e aguarda o recebimento dos produtos. Al\u00e9m disso, tamb\u00e9m deve chegar uma nova remessa de testes do Estado. Em fun\u00e7\u00e3o disso, os atendimentos est\u00e3o limitados. \u00c9 importante lembrar que os locais particulares que realizam a testagem, tamb\u00e9m orientam a popula\u00e7\u00e3o quanto aos cuidados e sintomas e fornecem o termo de isolamento para a pessoa positivada.<br><br>O presidente da Funda\u00e7\u00e3o, D\u00e9lcio Stefan destaca a import\u00e2ncia da preven\u00e7\u00e3o nesse momento, \u201cEstamos em um per\u00edodo de alta transmissibilidade do v\u00edrus da COVID-19, por isso a import\u00e2ncia de mantermos as medidas de preven\u00e7\u00e3o e de realizar a vacina\u00e7\u00e3o, pois podemos observar que pessoas vacinadas, possuem menor incid\u00eancia de interna\u00e7\u00e3o e sintomas mais leves\u201d. A FUMSSAR refor\u00e7a para que sejam mantidos os protocolos de preven\u00e7\u00e3o: manter o constante uso da m\u00e1scara; realizar a higieniza\u00e7\u00e3o das m\u00e3os com frequ\u00eancia e manter o distanciamento social, evitando aglomera\u00e7\u00f5es. Ao observar sintomas moderados, o paciente pode entrar em contato com a unidade b\u00e1sica de refer\u00eancia. Se houver algum sintoma grave, o mesmo deve procurar a Unidade de Pronto Atendimento (UPA).<\/p>\n","protected":false},"excerpt":{"rendered":"<p>Com o significante aumento dos casos na regi\u00e3o, foi necess\u00e1rio oferecer mais locais e hor\u00e1rios para a popula\u00e7\u00e3o com sintomas<\/p>\n","protected":false},"author":3,"featured_media":3766,"comment_status":"open","ping_status":"open","sticky":false,"template":"","format":"standard","meta":{"footnotes":""},"categories":[4,8],"tags":[],"class_list":["post-3765","post","type-post","status-publish","format-standard","has-post-thumbnail","hentry","category-noticias","category-noticias-fumssar"],"aioseo_notices":[],"_links":{"self":[{"href":"https:\/\/prefeitura.santarosa.rs.gov.br\/index.php?rest_route=\/wp\/v2\/posts\/3765","targetHints":{"allow":["GET"]}}],"collection":[{"href":"https:\/\/prefeitura.santarosa.rs.gov.br\/index.php?rest_route=\/wp\/v2\/posts"}],"about":[{"href":"https:\/\/prefeitura.santarosa.rs.gov.br\/index.php?rest_route=\/wp\/v2\/types\/post"}],"author":[{"embeddable":true,"href":"https:\/\/prefeitura.santarosa.rs.gov.br\/index.php?rest_route=\/wp\/v2\/users\/3"}],"replies":[{"embeddable":true,"href":"https:\/\/prefeitura.santarosa.rs.gov.br\/index.php?rest_route=%2Fwp%2Fv2%2Fcomments&post=3765"}],"version-history":[{"count":1,"href":"https:\/\/prefeitura.santarosa.rs.gov.br\/index.php?rest_route=\/wp\/v2\/posts\/3765\/revisions"}],"predecessor-version":[{"id":3767,"href":"https:\/\/prefeitura.santarosa.rs.gov.br\/index.php?rest_route=\/wp\/v2\/posts\/3765\/revisions\/3767"}],"wp:featuredmedia":[{"embeddable":true,"href":"https:\/\/prefeitura.santarosa.rs.gov.br\/index.php?rest_route=\/wp\/v2\/media\/3766"}],"wp:attachment":[{"href":"https:\/\/prefeitura.santarosa.rs.gov.br\/index.php?rest_route=%2Fwp%2Fv2%2Fmedia&parent=3765"}],"wp:term":[{"taxonomy":"category","embeddable":true,"href":"https:\/\/prefeitura.santarosa.rs.gov.br\/index.php?rest_route=%2Fwp%2Fv2%2Fcategories&post=3765"},{"taxonomy":"post_tag","embeddable":true,"href":"https:\/\/prefeitura.santarosa.rs.gov.br\/index.php?rest_route=%2Fwp%2Fv2%2Ftags&post=3765"}],"curies":[{"name":"wp","href":"https:\/\/api.w.org\/{rel}","templated":true}]}}