{"id":3744,"date":"2022-01-14T10:38:00","date_gmt":"2022-01-14T13:38:00","guid":{"rendered":"https:\/\/prefeitura.santarosa.rs.gov.br\/?p=3744"},"modified":"2024-10-07T09:54:40","modified_gmt":"2024-10-07T12:54:40","slug":"sabado-e-dia-de-mutirao-na-central-de-vacinas","status":"publish","type":"post","link":"https:\/\/prefeitura.santarosa.rs.gov.br\/?p=3744","title":{"rendered":"S\u00e1bado \u00e9 dia de Mutir\u00e3o na Central de Vacinas"},"content":{"rendered":"\n<p>Todas as doses v\u00e3o ser aplicadas: dose um (D1), dose dois (D2) e a dose de refor\u00e7o (DR).<\/p>\n\n\n\n<p>A Funda\u00e7\u00e3o Municipal de Sa\u00fade de Santa Rosa informa que neste s\u00e1bado (15), vai ser realizado um mutir\u00e3o de vacina\u00e7\u00e3o contra a COVID-19. O mutir\u00e3o vai acontecer das 08h \u00e0s 13h na Central de Vacinas da FUMSSAR. Todas as doses v\u00e3o ser aplicadas: dose um (D1), dose dois (D2) e a dose de refor\u00e7o (DR).<br><br>A Central de Vacinas da FUMSSAR fica localizada na Rua Dr. Francisco Timm, 480 &#8211; Centro, no subsolo (entrada pela lateral). As primeiras doses (D1) s\u00e3o aplicadas por faixa et\u00e1ria, para pessoas a partir dos 12 anos. As segundas doses (D2) de Coronavac s\u00e3o realizadas ap\u00f3s 28 dias da primeira dose. Astrazeneca e Pfizer, ap\u00f3s oito semanas da primeira aplica\u00e7\u00e3o. As doses de refor\u00e7o (DR) est\u00e3o dispon\u00edveis para pessoas acima de 18 anos que realizaram a segunda dose h\u00e1 04 meses. No caso do imunizante da Janssen, a Dose de Refor\u00e7o \u00e9 realizada com um intervalo de 2 a 6 meses ap\u00f3s a primeira dose. Para se vacinar \u00e9 necess\u00e1rio levar documento com foto, CPF, cart\u00e3o SUS e a caderneta de vacina\u00e7\u00e3o. Os jovens a partir de 12 anos, precisam ir acompanhados dos pais ou respons\u00e1vel legal.<br><br>A FUMSSAR informa tamb\u00e9m que a testagem para COVID-19 segue sendo realizada semana que vem, por agendamento. Os testes podem ser feitos na sentinela do centro, na UBS Jardim Petr\u00f3polis e na UBS Cruzeiro. Para realizar a testagem \u00e9 necess\u00e1rio ligar na UBS de origem para agendar um hor\u00e1rio em um dos locais dispon\u00edveis. O teste deve ser realizado somente por pessoas que estejam com sintomas da doen\u00e7a. O indicado \u00e9 realizar a testagem a partir do 3\u00ba dia com sintomas. Devido \u00e0 grande demanda, a quantidade di\u00e1ria de testes \u00e9 limitada.<\/p>\n","protected":false},"excerpt":{"rendered":"<p>Todas as doses v\u00e3o ser aplicadas: dose um (D1), dose dois (D2) e a dose de refor\u00e7o (DR). A Funda\u00e7\u00e3o<\/p>\n","protected":false},"author":3,"featured_media":3745,"comment_status":"open","ping_status":"open","sticky":false,"template":"","format":"standard","meta":{"footnotes":""},"categories":[4,8],"tags":[],"class_list":["post-3744","post","type-post","status-publish","format-standard","has-post-thumbnail","hentry","category-noticias","category-noticias-fumssar"],"aioseo_notices":[],"_links":{"self":[{"href":"https:\/\/prefeitura.santarosa.rs.gov.br\/index.php?rest_route=\/wp\/v2\/posts\/3744","targetHints":{"allow":["GET"]}}],"collection":[{"href":"https:\/\/prefeitura.santarosa.rs.gov.br\/index.php?rest_route=\/wp\/v2\/posts"}],"about":[{"href":"https:\/\/prefeitura.santarosa.rs.gov.br\/index.php?rest_route=\/wp\/v2\/types\/post"}],"author":[{"embeddable":true,"href":"https:\/\/prefeitura.santarosa.rs.gov.br\/index.php?rest_route=\/wp\/v2\/users\/3"}],"replies":[{"embeddable":true,"href":"https:\/\/prefeitura.santarosa.rs.gov.br\/index.php?rest_route=%2Fwp%2Fv2%2Fcomments&post=3744"}],"version-history":[{"count":1,"href":"https:\/\/prefeitura.santarosa.rs.gov.br\/index.php?rest_route=\/wp\/v2\/posts\/3744\/revisions"}],"predecessor-version":[{"id":3746,"href":"https:\/\/prefeitura.santarosa.rs.gov.br\/index.php?rest_route=\/wp\/v2\/posts\/3744\/revisions\/3746"}],"wp:featuredmedia":[{"embeddable":true,"href":"https:\/\/prefeitura.santarosa.rs.gov.br\/index.php?rest_route=\/wp\/v2\/media\/3745"}],"wp:attachment":[{"href":"https:\/\/prefeitura.santarosa.rs.gov.br\/index.php?rest_route=%2Fwp%2Fv2%2Fmedia&parent=3744"}],"wp:term":[{"taxonomy":"category","embeddable":true,"href":"https:\/\/prefeitura.santarosa.rs.gov.br\/index.php?rest_route=%2Fwp%2Fv2%2Fcategories&post=3744"},{"taxonomy":"post_tag","embeddable":true,"href":"https:\/\/prefeitura.santarosa.rs.gov.br\/index.php?rest_route=%2Fwp%2Fv2%2Ftags&post=3744"}],"curies":[{"name":"wp","href":"https:\/\/api.w.org\/{rel}","templated":true}]}}