{"id":374,"date":"2021-11-11T08:00:00","date_gmt":"2021-11-11T11:00:00","guid":{"rendered":"https:\/\/prefeitura.santarosa.rs.gov.br\/?p=374"},"modified":"2024-10-07T09:54:42","modified_gmt":"2024-10-07T12:54:42","slug":"prefeitura-e-rge-fazem-podas-e-retiradas-de-arvores-com-base-em-projeto","status":"publish","type":"post","link":"https:\/\/prefeitura.santarosa.rs.gov.br\/?p=374","title":{"rendered":"Prefeitura e RGE fazem podas e retiradas de \u00e1rvores com base em projeto"},"content":{"rendered":"\n<p>Toda modifica\u00e7\u00e3o \u00e9 feita ap\u00f3s estudos e acompanhamentos t\u00e9cnicos.<\/p>\n\n\n\n<p>\u00c1rvores est\u00e3o sendo podadas e algumas retiradas em Santa Rosa. Essas a\u00e7\u00f5es s\u00e3o realizadas atrav\u00e9s de um projeto desenvolvido desde 2017 entre a Prefeitura e RGE. Toda modifica\u00e7\u00e3o \u00e9 feita ap\u00f3s estudos e acompanhamentos t\u00e9cnicos.<\/p>\n\n\n\n<p>Nesta \u00faltima semana, foram retiradas cerca de 8 \u00e1rvores do canteiro central da Avenida Expedicion\u00e1rio Weber. Esse trabalho foi realizado pela RGE, sob licen\u00e7a ambiental da FEPAM e previamente aprovadas pela Secretaria de Meio Ambiente. O motivo foi que as \u00e1rvores tinham porte incompat\u00edvel com a rede el\u00e9trica energizada e que constantemente causavam desligamento da rede, al\u00e9m de que estavam com galhos comprometidos. De acordo com a Engenheira Florestal da Prefeitura, Ana Paula Jung, \u201cO Projeto Arboriza\u00e7\u00e3o + Segura tem estudo e acompanhamento t\u00e9cnico para avaliar as \u00e1rvores com risco para popula\u00e7\u00e3o. Estamos tamb\u00e9m com um programa de compensa\u00e7\u00e3o com plantio de novas \u00e1rvores\u201d.<\/p>\n\n\n\n<p>Na Pra\u00e7a da Bandeira, a Prefeitura realizou podas e retiradas de \u00e1rvores no m\u00eas de outubro. O trabalho foi feito atrav\u00e9s de um projeto de revitaliza\u00e7\u00e3o do local, \u201cNa pra\u00e7a t\u00ednhamos um problema de excesso de arboriza\u00e7\u00e3o que causava sombreamento excessivo causando problemas de insola\u00e7\u00e3o do gramado e na ilumina\u00e7\u00e3o noturna. Algumas \u00e1rvores estavam doentes e com copas desestruturadas causando risco de queda. N\u00e3o tivemos um problema ambiental com essa retirada, pois a maior parte das \u00e1rvores foram mantidas\u201d, destaca Ana Paula. Esse ano cerca de 400 mudas foram plantadas em Santa Rosa com a parceria da Prefeitura e da RGE.<\/p>\n","protected":false},"excerpt":{"rendered":"<p>Toda modifica\u00e7\u00e3o \u00e9 feita ap\u00f3s estudos e acompanhamentos t\u00e9cnicos. \u00c1rvores est\u00e3o sendo podadas e algumas retiradas em Santa Rosa. Essas<\/p>\n","protected":false},"author":3,"featured_media":375,"comment_status":"open","ping_status":"open","sticky":false,"template":"","format":"standard","meta":{"footnotes":""},"categories":[4,20],"tags":[],"class_list":["post-374","post","type-post","status-publish","format-standard","has-post-thumbnail","hentry","category-noticias","category-secretaria-municipal-de-meio-ambiente"],"aioseo_notices":[],"_links":{"self":[{"href":"https:\/\/prefeitura.santarosa.rs.gov.br\/index.php?rest_route=\/wp\/v2\/posts\/374","targetHints":{"allow":["GET"]}}],"collection":[{"href":"https:\/\/prefeitura.santarosa.rs.gov.br\/index.php?rest_route=\/wp\/v2\/posts"}],"about":[{"href":"https:\/\/prefeitura.santarosa.rs.gov.br\/index.php?rest_route=\/wp\/v2\/types\/post"}],"author":[{"embeddable":true,"href":"https:\/\/prefeitura.santarosa.rs.gov.br\/index.php?rest_route=\/wp\/v2\/users\/3"}],"replies":[{"embeddable":true,"href":"https:\/\/prefeitura.santarosa.rs.gov.br\/index.php?rest_route=%2Fwp%2Fv2%2Fcomments&post=374"}],"version-history":[{"count":1,"href":"https:\/\/prefeitura.santarosa.rs.gov.br\/index.php?rest_route=\/wp\/v2\/posts\/374\/revisions"}],"predecessor-version":[{"id":376,"href":"https:\/\/prefeitura.santarosa.rs.gov.br\/index.php?rest_route=\/wp\/v2\/posts\/374\/revisions\/376"}],"wp:featuredmedia":[{"embeddable":true,"href":"https:\/\/prefeitura.santarosa.rs.gov.br\/index.php?rest_route=\/wp\/v2\/media\/375"}],"wp:attachment":[{"href":"https:\/\/prefeitura.santarosa.rs.gov.br\/index.php?rest_route=%2Fwp%2Fv2%2Fmedia&parent=374"}],"wp:term":[{"taxonomy":"category","embeddable":true,"href":"https:\/\/prefeitura.santarosa.rs.gov.br\/index.php?rest_route=%2Fwp%2Fv2%2Fcategories&post=374"},{"taxonomy":"post_tag","embeddable":true,"href":"https:\/\/prefeitura.santarosa.rs.gov.br\/index.php?rest_route=%2Fwp%2Fv2%2Ftags&post=374"}],"curies":[{"name":"wp","href":"https:\/\/api.w.org\/{rel}","templated":true}]}}