{"id":366,"date":"2021-10-11T08:00:00","date_gmt":"2021-10-11T11:00:00","guid":{"rendered":"https:\/\/prefeitura.santarosa.rs.gov.br\/?p=366"},"modified":"2024-10-07T09:54:43","modified_gmt":"2024-10-07T12:54:43","slug":"sala-do-empreendedor-recebe-selo-diamante","status":"publish","type":"post","link":"https:\/\/prefeitura.santarosa.rs.gov.br\/?p=366","title":{"rendered":"Sala do Empreendedor recebe selo Diamante"},"content":{"rendered":"\n<p>Para obter a certifica\u00e7\u00e3o Diamante, a Sala do Empreendedor precisou atender 24 requisitos, al\u00e9m de forma\u00e7\u00e3o espec\u00edfica dos atendentes e a nomea\u00e7\u00e3o de Agentes de Desenvolvimento<\/p>\n\n\n\n<p>Na \u00faltima semana, a Sala do Empreendedor de Santa Rosa foi certificada com o selo Diamante. O evento foi realizado pelo SEBRAE em parceria com a Funda\u00e7\u00e3o Nacional da Qualidade \u2013 (FNQ). A certifica\u00e7\u00e3o aconteceu durante o semin\u00e1rio estadual Brasil Mais Simples. O objetivo da Sala do Empreendedor \u00e9 informar e orientar os contribuintes, empreendedores e interessados sobre a abertura, funcionamento e formaliza\u00e7\u00e3o de empresas. Os servi\u00e7os s\u00e3o disponibilizados pela prefeitura e est\u00e3o relacionados com as a\u00e7\u00f5es e pol\u00edticas p\u00fablicas que visam promover o desenvolvimento econ\u00f4mico local e territorial, no \u00e2mbito de Santa Rosa.<\/p>\n\n\n\n<p>Em 2021, as Salas do Empreendedor foram certificadas em 4 n\u00edveis de classifica\u00e7\u00e3o, desde os servi\u00e7os mais b\u00e1sicos, at\u00e9 as que prestam servi\u00e7os avan\u00e7ados. A Sala do Empreendedor de Santa Rosa participou de todas as premia\u00e7\u00f5es da FNQ nos anos anteriores. Em 2019 recebeu o selo Bronze, em 2020 obteve o selo prata e este ano passou para o n\u00edvel Diamante. Para o Diretor de Inova\u00e7\u00e3o e Tecnologia, Euclides Spies, a certifica\u00e7\u00e3o \u00e9 uma comprova\u00e7\u00e3o de que o trabalho realizado est\u00e1 no rumo certo, \u201cCada ano conseguimos ampliar nossos servi\u00e7os e aprimorar o atendimento para os empreendedores do munic\u00edpio. O m\u00e9rito dos resultados alcan\u00e7ados \u00e9 de toda equipe que n\u00e3o mede esfor\u00e7os para atender da melhor forma poss\u00edvel e resolver as situa\u00e7\u00f5es para facilitar a vida de quem vem empreender em Santa Rosa\u201d. Para conquistar a premia\u00e7\u00e3o de cada selo \u00e9 preciso seguir alguns pr\u00e9-requisitos como: servi\u00e7os de orienta\u00e7\u00e3o, formaliza\u00e7\u00e3o de empresas e MEI (Microempreendedor Individual), orienta\u00e7\u00e3o para participa\u00e7\u00e3o nas compras p\u00fablicas e oferta de microcr\u00e9dito, coworking, assessoria jur\u00eddica, atendimento virtual e alvar\u00e1 online.<\/p>\n\n\n\n<p>Para Odaylson Eder, Secret\u00e1rio de Desenvolvimento Econ\u00f4mico e Turismo, a premia\u00e7\u00e3o comprova o quanto o trabalho desenvolvido tem gerado bons resultados, \u201cReceber o selo diamante \u00e9 extremamente importante para n\u00f3s, pois comprova todo trabalho que vem sendo planejado e desenvolvido junto com a equipe da Secretaria e que vem sendo colocado em pr\u00e1tica, por meio da gest\u00e3o estrat\u00e9gica do governo Mantei e Taquari. Santa Rosa de fato se consolida como um ecossistema empreendedor\u201d. Para obter a certifica\u00e7\u00e3o Diamante, a Sala do Empreendedor precisou atender 24 requisitos, al\u00e9m de forma\u00e7\u00e3o espec\u00edfica dos atendentes e a nomea\u00e7\u00e3o de Agentes de Desenvolvimento.<\/p>\n","protected":false},"excerpt":{"rendered":"<p>Para obter a certifica\u00e7\u00e3o Diamante, a Sala do Empreendedor precisou atender 24 requisitos, al\u00e9m de forma\u00e7\u00e3o espec\u00edfica dos atendentes e<\/p>\n","protected":false},"author":3,"featured_media":369,"comment_status":"open","ping_status":"open","sticky":false,"template":"","format":"standard","meta":{"footnotes":""},"categories":[4,16],"tags":[],"class_list":["post-366","post","type-post","status-publish","format-standard","has-post-thumbnail","hentry","category-noticias","category-secretaria-municipal-de-desenvolvimento-economico-turismo-e-tecnologia"],"aioseo_notices":[],"_links":{"self":[{"href":"https:\/\/prefeitura.santarosa.rs.gov.br\/index.php?rest_route=\/wp\/v2\/posts\/366","targetHints":{"allow":["GET"]}}],"collection":[{"href":"https:\/\/prefeitura.santarosa.rs.gov.br\/index.php?rest_route=\/wp\/v2\/posts"}],"about":[{"href":"https:\/\/prefeitura.santarosa.rs.gov.br\/index.php?rest_route=\/wp\/v2\/types\/post"}],"author":[{"embeddable":true,"href":"https:\/\/prefeitura.santarosa.rs.gov.br\/index.php?rest_route=\/wp\/v2\/users\/3"}],"replies":[{"embeddable":true,"href":"https:\/\/prefeitura.santarosa.rs.gov.br\/index.php?rest_route=%2Fwp%2Fv2%2Fcomments&post=366"}],"version-history":[{"count":1,"href":"https:\/\/prefeitura.santarosa.rs.gov.br\/index.php?rest_route=\/wp\/v2\/posts\/366\/revisions"}],"predecessor-version":[{"id":370,"href":"https:\/\/prefeitura.santarosa.rs.gov.br\/index.php?rest_route=\/wp\/v2\/posts\/366\/revisions\/370"}],"wp:featuredmedia":[{"embeddable":true,"href":"https:\/\/prefeitura.santarosa.rs.gov.br\/index.php?rest_route=\/wp\/v2\/media\/369"}],"wp:attachment":[{"href":"https:\/\/prefeitura.santarosa.rs.gov.br\/index.php?rest_route=%2Fwp%2Fv2%2Fmedia&parent=366"}],"wp:term":[{"taxonomy":"category","embeddable":true,"href":"https:\/\/prefeitura.santarosa.rs.gov.br\/index.php?rest_route=%2Fwp%2Fv2%2Fcategories&post=366"},{"taxonomy":"post_tag","embeddable":true,"href":"https:\/\/prefeitura.santarosa.rs.gov.br\/index.php?rest_route=%2Fwp%2Fv2%2Ftags&post=366"}],"curies":[{"name":"wp","href":"https:\/\/api.w.org\/{rel}","templated":true}]}}