{"id":360,"date":"2021-11-18T08:00:00","date_gmt":"2021-11-18T11:00:00","guid":{"rendered":"https:\/\/prefeitura.santarosa.rs.gov.br\/?p=360"},"modified":"2024-10-07T09:54:42","modified_gmt":"2024-10-07T12:54:42","slug":"aprhorosa-e-prefeitura-vao-realizar-1a-aprhofest","status":"publish","type":"post","link":"https:\/\/prefeitura.santarosa.rs.gov.br\/?p=360","title":{"rendered":"Aprhorosa e Prefeitura v\u00e3o realizar 1\u00aa APRHOFEST"},"content":{"rendered":"\n<p>Durante tr\u00eas dias produtores locais estar\u00e3o comercializando seus produtos, em uma ambiente diferenciado em frente da Feira.<\/p>\n\n\n\n<p>De 10 a 12 de dezembro Santa Rosa vai ser palco da 1\u00aa APRHOFEST. A Feira \u00e9 uma organiza\u00e7\u00e3o da Prefeitura e da Aprhorosa. Durante tr\u00eas dias produtores locais estar\u00e3o comercializando seus produtos, em uma ambiente diferenciado em frente da Feira. A Festa tamb\u00e9m ter\u00e1 apresenta\u00e7\u00f5es e diversas atra\u00e7\u00f5es para comunidade regional.<\/p>\n\n\n\n<p>O objetivo \u00e9 criar uma atividade em prol dos produtores que tiveram redu\u00e7\u00e3o de comercializa\u00e7\u00e3o no per\u00edodo de pandemia. A festa ser\u00e1 realizada no fim de ano para ser uma renda a mais para as fam\u00edlias, al\u00e9m de estimular a produ\u00e7\u00e3o local. Para a presidente da Aprhorosa, Ester Seide, \u201cA Festa tem a finalidade de criar um clima de retomada da economia e oportunidade de gera\u00e7\u00e3o de renda extra no fim do ano para n\u00f3s produtores. Queremos trazer as fam\u00edlias para conhecer nossos produtos, e inclusive oportunizar muitas pessoas, que em fun\u00e7\u00e3o do hor\u00e1rio, n\u00e3o conseguem frequentar a feira\u201d.<\/p>\n\n\n\n<p>O evento vai iniciar na sexta-feira no per\u00edodo da tarde, onde tradicionalmente j\u00e1 ocorre a feira dos produtores no mercado p\u00fablico municipal. As atividades v\u00e3o seguir no s\u00e1bado e no domingo durante todo o dia, com o hor\u00e1rio bem estendido, para atingir o maior n\u00famero de visitantes poss\u00edveis. Para o Prefeito Anderson Mantei, essa \u00e9 uma grande oportunidade de valoriza\u00e7\u00e3o e de desenvolvimento para os produtores, \u201cEssa \u00e9 uma atividade que foi pensada para valorizar a Aprhorosa e todos os produtores, e cada vez mais, incentivar a produ\u00e7\u00e3o local. Temos certeza que ser\u00e1 um sucesso e que vai movimentar toda a regi\u00e3o\u201d. A Feira ter\u00e1 exposi\u00e7\u00e3o e vendas de produtos hortifrutigranjeiros, artesanatos e gastronomia e outros produtos artesanais.<\/p>\n\n\n\n<p>A APRHOFEST \u00e9 uma Feira organizada pela Secretaria de Desenvolvimento Econ\u00f4mico, Turismo e Tecnologia, com o apoio da Secretaria de Agricultura e Secretaria de Educa\u00e7\u00e3o e Cultura, e os produtores associados a Aprhorosa.<\/p>\n","protected":false},"excerpt":{"rendered":"<p>Durante tr\u00eas dias produtores locais estar\u00e3o comercializando seus produtos, em uma ambiente diferenciado em frente da Feira. De 10 a<\/p>\n","protected":false},"author":3,"featured_media":361,"comment_status":"open","ping_status":"open","sticky":false,"template":"","format":"standard","meta":{"footnotes":""},"categories":[4,16],"tags":[],"class_list":["post-360","post","type-post","status-publish","format-standard","has-post-thumbnail","hentry","category-noticias","category-secretaria-municipal-de-desenvolvimento-economico-turismo-e-tecnologia"],"aioseo_notices":[],"_links":{"self":[{"href":"https:\/\/prefeitura.santarosa.rs.gov.br\/index.php?rest_route=\/wp\/v2\/posts\/360","targetHints":{"allow":["GET"]}}],"collection":[{"href":"https:\/\/prefeitura.santarosa.rs.gov.br\/index.php?rest_route=\/wp\/v2\/posts"}],"about":[{"href":"https:\/\/prefeitura.santarosa.rs.gov.br\/index.php?rest_route=\/wp\/v2\/types\/post"}],"author":[{"embeddable":true,"href":"https:\/\/prefeitura.santarosa.rs.gov.br\/index.php?rest_route=\/wp\/v2\/users\/3"}],"replies":[{"embeddable":true,"href":"https:\/\/prefeitura.santarosa.rs.gov.br\/index.php?rest_route=%2Fwp%2Fv2%2Fcomments&post=360"}],"version-history":[{"count":1,"href":"https:\/\/prefeitura.santarosa.rs.gov.br\/index.php?rest_route=\/wp\/v2\/posts\/360\/revisions"}],"predecessor-version":[{"id":362,"href":"https:\/\/prefeitura.santarosa.rs.gov.br\/index.php?rest_route=\/wp\/v2\/posts\/360\/revisions\/362"}],"wp:featuredmedia":[{"embeddable":true,"href":"https:\/\/prefeitura.santarosa.rs.gov.br\/index.php?rest_route=\/wp\/v2\/media\/361"}],"wp:attachment":[{"href":"https:\/\/prefeitura.santarosa.rs.gov.br\/index.php?rest_route=%2Fwp%2Fv2%2Fmedia&parent=360"}],"wp:term":[{"taxonomy":"category","embeddable":true,"href":"https:\/\/prefeitura.santarosa.rs.gov.br\/index.php?rest_route=%2Fwp%2Fv2%2Fcategories&post=360"},{"taxonomy":"post_tag","embeddable":true,"href":"https:\/\/prefeitura.santarosa.rs.gov.br\/index.php?rest_route=%2Fwp%2Fv2%2Ftags&post=360"}],"curies":[{"name":"wp","href":"https:\/\/api.w.org\/{rel}","templated":true}]}}