{"id":3541,"date":"2022-08-16T15:47:00","date_gmt":"2022-08-16T18:47:00","guid":{"rendered":"https:\/\/prefeitura.santarosa.rs.gov.br\/?p=3541"},"modified":"2024-10-07T09:54:05","modified_gmt":"2024-10-07T12:54:05","slug":"comjuve-realiza-o-1o-encontro-municipal-da-juventude","status":"publish","type":"post","link":"https:\/\/prefeitura.santarosa.rs.gov.br\/?p=3541","title":{"rendered":"COMJUVE realiza o 1\u00ba Encontro Municipal da Juventude"},"content":{"rendered":"\n<p>O evento contou com a Arena de Oportunidades, uma intera\u00e7\u00e3o com institui\u00e7\u00f5es ligadas ao atendimento de jovens, voluntariado e empresas de Santa Rosa.<\/p>\n\n\n\n<p>A semana iniciou com um encontro muito especial para os jovens santa-rosenses. O COMJUVE &#8211; Conselho Municipal da Juventude de Santa Rosa realizou nesta segunda-feira (15), o 1\u00ba Encontro Municipal da Juventude. O evento ocorreu no Centro C\u00edvico Cultural Ant\u00f4nio Carlos Borges e reuniu mais de 600 participantes.<br><br>O COMJUVE \u00e9 um \u00f3rg\u00e3o de car\u00e1ter consultivo, que tem como objetivo assegurar que as pol\u00edticas p\u00fablicas da juventude sejam implementadas no munic\u00edpio. Al\u00e9m disso, contribui para a integra\u00e7\u00e3o social, pol\u00edtica, econ\u00f4mica e cultural dos jovens na sociedade. As a\u00e7\u00f5es desenvolvidas pelo conselho, complementam o Estatuto da Juventude. O Prefeito Anderson Mantei, parabenizou os conselheiros pela realiza\u00e7\u00e3o do evento, \u201c\u00c9 muito importante oportunizarmos espa\u00e7os como este, de di\u00e1logo, para os jovens da nossa cidade. Uma grande oportunidade de entender quais s\u00e3o suas expectativas e anseios para o futuro do nosso munic\u00edpio. Ficamos muito contentes de ver esse audit\u00f3rio cheio de pessoas com vontade de fazer a diferen\u00e7a e de tornar a nossa Santa Rosa ainda melhor\u201d.<br><br>A primeira a\u00e7\u00e3o realizada pelo COMJUVE este ano, foi uma pesquisa online, disponibilizada nas redes sociais. O objetivo foi observar quais as \u00e1reas que os jovens t\u00eam mais interesse. Partindo do resultado obtido, o conselho organizou o 1\u00ba Encontro Municipal da Juventude, para oportunizar aos jovens, um debate sobre os assuntos elencados na pesquisa. O evento contou com a Arena de Oportunidades, uma intera\u00e7\u00e3o com institui\u00e7\u00f5es ligadas ao atendimento de jovens, voluntariado e empresas de Santa Rosa. A Presidente do Conselho Municipal da Juventude, Gabriela Graef Kuhn, ressaltou a necessidade de dar voz aos jovens, \u201cA juventude precisa participar mais, e se unir para diminuir as desigualdades. Sabemos que quando h\u00e1 oportunidade, os jovens se engajam e lutam por seus ideais\u201d.<br><br>Dentre as palestras, foi abordado o tema, \u201cEduca\u00e7\u00e3o Financeira e Empreendedorismo\u201d. Participaram do bate-papo, Marcos Servat, Coordenador na Unidade de Cooperativismo da Emater, Presidente da Hortigrangeiros e Vice-Presidente da Fenasoja 2024, Altair Lenz, Gerente da Ag\u00eancia Sicredi do Centro, Guilherme Cancian, Gerente Regional de Desenvolvimento do Sicredi e C\u00e1ssio Feltes, Propriet\u00e1rio da Sweet Store, da Deisicon e Vice-Presidente da Ag\u00eancia Regional de Desenvolvimento. Ainda na parte da tarde, Cleber Dall Pizol, falou sobre \u201cTecnologia e Inova\u00e7\u00e3o\u201d. De noite, al\u00e9m destes temas, o instrutor da Hey Peppers, Armando W\u00fcnsch abordou o tema \u201cInterc\u00e2mbio e suas possibilidades\u201d. O COMJUVE \u00e9 composto por 14 conselheiros titulares e conselheiros suplentes de diversas entidades do munic\u00edpio.<\/p>\n","protected":false},"excerpt":{"rendered":"<p>O evento contou com a Arena de Oportunidades, uma intera\u00e7\u00e3o com institui\u00e7\u00f5es ligadas ao atendimento de jovens, voluntariado e empresas<\/p>\n","protected":false},"author":3,"featured_media":3542,"comment_status":"open","ping_status":"open","sticky":false,"template":"","format":"standard","meta":{"footnotes":""},"categories":[4,18],"tags":[],"class_list":["post-3541","post","type-post","status-publish","format-standard","has-post-thumbnail","hentry","category-noticias","category-secretaria-municipal-de-educacao-e-cultura"],"aioseo_notices":[],"_links":{"self":[{"href":"https:\/\/prefeitura.santarosa.rs.gov.br\/index.php?rest_route=\/wp\/v2\/posts\/3541","targetHints":{"allow":["GET"]}}],"collection":[{"href":"https:\/\/prefeitura.santarosa.rs.gov.br\/index.php?rest_route=\/wp\/v2\/posts"}],"about":[{"href":"https:\/\/prefeitura.santarosa.rs.gov.br\/index.php?rest_route=\/wp\/v2\/types\/post"}],"author":[{"embeddable":true,"href":"https:\/\/prefeitura.santarosa.rs.gov.br\/index.php?rest_route=\/wp\/v2\/users\/3"}],"replies":[{"embeddable":true,"href":"https:\/\/prefeitura.santarosa.rs.gov.br\/index.php?rest_route=%2Fwp%2Fv2%2Fcomments&post=3541"}],"version-history":[{"count":1,"href":"https:\/\/prefeitura.santarosa.rs.gov.br\/index.php?rest_route=\/wp\/v2\/posts\/3541\/revisions"}],"predecessor-version":[{"id":3543,"href":"https:\/\/prefeitura.santarosa.rs.gov.br\/index.php?rest_route=\/wp\/v2\/posts\/3541\/revisions\/3543"}],"wp:featuredmedia":[{"embeddable":true,"href":"https:\/\/prefeitura.santarosa.rs.gov.br\/index.php?rest_route=\/wp\/v2\/media\/3542"}],"wp:attachment":[{"href":"https:\/\/prefeitura.santarosa.rs.gov.br\/index.php?rest_route=%2Fwp%2Fv2%2Fmedia&parent=3541"}],"wp:term":[{"taxonomy":"category","embeddable":true,"href":"https:\/\/prefeitura.santarosa.rs.gov.br\/index.php?rest_route=%2Fwp%2Fv2%2Fcategories&post=3541"},{"taxonomy":"post_tag","embeddable":true,"href":"https:\/\/prefeitura.santarosa.rs.gov.br\/index.php?rest_route=%2Fwp%2Fv2%2Ftags&post=3541"}],"curies":[{"name":"wp","href":"https:\/\/api.w.org\/{rel}","templated":true}]}}