{"id":3508,"date":"2022-07-04T10:48:00","date_gmt":"2022-07-04T13:48:00","guid":{"rendered":"https:\/\/prefeitura.santarosa.rs.gov.br\/?p=3508"},"modified":"2024-10-07T09:54:06","modified_gmt":"2024-10-07T12:54:06","slug":"centro-vai-receber-mais-de-3-milhoes-em-melhorias-na-infraestrutura","status":"publish","type":"post","link":"https:\/\/prefeitura.santarosa.rs.gov.br\/?p=3508","title":{"rendered":"Centro vai receber mais de 3 milh\u00f5es em melhorias na infraestrutura"},"content":{"rendered":"\n<p>A obra que vai contemplar 14.470,24 m\u00b2 de extens\u00e3o vai ser realizada em uma \u00e1rea com grande fluxo de ve\u00edculos.<\/p>\n\n\n\n<p>Importantes ruas do centro de Santa Rosa v\u00e3o receber mais de 3 milh\u00f5es em melhorias na infraestrutura. A obra que vai contemplar 14.470,24 m\u00b2 de extens\u00e3o vai ser realizada em uma \u00e1rea com grande fluxo de ve\u00edculos. O Prefeito Anderson Mantei assinou a ordem de in\u00edcio do servi\u00e7o. Participaram do ato, o vice-prefeito, vereadores e a empresa contratada. O projeto conta com pavimenta\u00e7\u00e3o asf\u00e1ltica, sinaliza\u00e7\u00e3o, obra de drenagem e servi\u00e7os complementares. As melhorias v\u00e3o ser realizadas nas ruas: Nolar Kruel, Jo\u00e3o Macluf e General Rondon.<\/p>\n\n\n\n<p>Dentro do Planejamento Estrat\u00e9gico, a Administra\u00e7\u00e3o est\u00e1 com muitos projetos em execu\u00e7\u00e3o. Na Secretaria de Planejamento Urbano e Habita\u00e7\u00e3o, destacando apenas as obras de pavimenta\u00e7\u00e3o, hoje est\u00e3o em andamento, 33 ruas em toda a cidade. O Secret\u00e1rio de Planejamento, Cla\u00fadio Franke falou sobre o projeto que vai ser realizado no centro, \u201cEsta \u00e9 uma obra que vai auxiliar na mobilidade urbana do munic\u00edpio. S\u00e3o ruas com intensa movimenta\u00e7\u00e3o di\u00e1ria, sendo assim, a pavimenta\u00e7\u00e3o vai facilitar o tr\u00e1fego de ve\u00edculos\u201d.<\/p>\n\n\n\n<p>Em todo o trecho da obra, que vai da Avenida Tuparendi at\u00e9 \u00e0 Avenida Inhacor\u00e1, vai ser refeita a base do pavimento com rach\u00e3o e base graduada. Al\u00e9m disso, ser\u00e1 utilizado asfalto com acr\u00e9scimo de pol\u00edmero para possibilitar maior resist\u00eancia e durabilidade do pavimento, pois s\u00e3o locais onde passam muitos ve\u00edculos pesados e de carga. O Prefeito Anderson Mantei destacou a relev\u00e2ncia da obra para a comunidade, \u201cEstamos focados para melhorar cada vez mais a infraestrutura da nossa cidade. Diversas obras est\u00e3o em andamento e muitas outras para iniciar. Nosso objetivo \u00e9 proporcionar para a popula\u00e7\u00e3o, uma Santa Rosa cada vez melhor para se viver\u201d. O prazo de execu\u00e7\u00e3o das obras \u00e9 de 180 dias corridos, conforme contrato. V\u00e3o ser investidos R$ 3.014.503,91, com recursos pr\u00f3prios do munic\u00edpio. A empresa respons\u00e1vel pela execu\u00e7\u00e3o do servi\u00e7o \u00e9 a CARPENEDO &amp; CIA LTDA.<\/p>\n","protected":false},"excerpt":{"rendered":"<p>A obra que vai contemplar 14.470,24 m\u00b2 de extens\u00e3o vai ser realizada em uma \u00e1rea com grande fluxo de ve\u00edculos.<\/p>\n","protected":false},"author":3,"featured_media":3509,"comment_status":"open","ping_status":"open","sticky":false,"template":"","format":"standard","meta":{"footnotes":""},"categories":[4,21],"tags":[],"class_list":["post-3508","post","type-post","status-publish","format-standard","has-post-thumbnail","hentry","category-noticias","category-secretaria-municipal-de-obras"],"aioseo_notices":[],"_links":{"self":[{"href":"https:\/\/prefeitura.santarosa.rs.gov.br\/index.php?rest_route=\/wp\/v2\/posts\/3508","targetHints":{"allow":["GET"]}}],"collection":[{"href":"https:\/\/prefeitura.santarosa.rs.gov.br\/index.php?rest_route=\/wp\/v2\/posts"}],"about":[{"href":"https:\/\/prefeitura.santarosa.rs.gov.br\/index.php?rest_route=\/wp\/v2\/types\/post"}],"author":[{"embeddable":true,"href":"https:\/\/prefeitura.santarosa.rs.gov.br\/index.php?rest_route=\/wp\/v2\/users\/3"}],"replies":[{"embeddable":true,"href":"https:\/\/prefeitura.santarosa.rs.gov.br\/index.php?rest_route=%2Fwp%2Fv2%2Fcomments&post=3508"}],"version-history":[{"count":1,"href":"https:\/\/prefeitura.santarosa.rs.gov.br\/index.php?rest_route=\/wp\/v2\/posts\/3508\/revisions"}],"predecessor-version":[{"id":3510,"href":"https:\/\/prefeitura.santarosa.rs.gov.br\/index.php?rest_route=\/wp\/v2\/posts\/3508\/revisions\/3510"}],"wp:featuredmedia":[{"embeddable":true,"href":"https:\/\/prefeitura.santarosa.rs.gov.br\/index.php?rest_route=\/wp\/v2\/media\/3509"}],"wp:attachment":[{"href":"https:\/\/prefeitura.santarosa.rs.gov.br\/index.php?rest_route=%2Fwp%2Fv2%2Fmedia&parent=3508"}],"wp:term":[{"taxonomy":"category","embeddable":true,"href":"https:\/\/prefeitura.santarosa.rs.gov.br\/index.php?rest_route=%2Fwp%2Fv2%2Fcategories&post=3508"},{"taxonomy":"post_tag","embeddable":true,"href":"https:\/\/prefeitura.santarosa.rs.gov.br\/index.php?rest_route=%2Fwp%2Fv2%2Ftags&post=3508"}],"curies":[{"name":"wp","href":"https:\/\/api.w.org\/{rel}","templated":true}]}}