{"id":3478,"date":"2022-07-07T18:29:00","date_gmt":"2022-07-07T21:29:00","guid":{"rendered":"https:\/\/prefeitura.santarosa.rs.gov.br\/?p=3478"},"modified":"2024-10-07T09:54:06","modified_gmt":"2024-10-07T12:54:06","slug":"museu-a-ceu-aberto-vai-ser-construido-em-santa-rosa","status":"publish","type":"post","link":"https:\/\/prefeitura.santarosa.rs.gov.br\/?p=3478","title":{"rendered":"Museu a C\u00e9u Aberto vai ser constru\u00eddo em Santa Rosa"},"content":{"rendered":"\n<p>A prefeitura foi aprovada no Concurso, \u201cMuseus Municipais\u201d, atrav\u00e9s do projeto desenvolvido pela Secretaria de Educa\u00e7\u00e3o e Cultura.<\/p>\n\n\n\n<p>Monumentos, esculturas e um novo espa\u00e7o de lazer e cultura. Estas s\u00e3o algumas das novidades e melhorias que v\u00e3o ser implementadas em Santa Rosa. O Prefeito Anderson Mantei assinou a ordem de in\u00edcio para a constru\u00e7\u00e3o do Museu a C\u00e9u Aberto no centro. O projeto contempla pavimenta\u00e7\u00e3o, impermeabiliza\u00e7\u00e3o da pra\u00e7a seca, drenagem, ilumina\u00e7\u00e3o e o refor\u00e7o estrutural da escadaria de acesso a Av. Rio Branco. Al\u00e9m disso, vai ser realizado o paisagismo e a instala\u00e7\u00e3o de bancos. A obra vai ligar importantes pontos culturais da cidade, como: o Centro C\u00edvico Cultural Ant\u00f4nio Carlos Borges, a Biblioteca P\u00fablica Municipal Olavo Bilac, o Centro Cultural Prof. Fioravante Pedrazani e por fim, a Pra\u00e7a da Bandeira.<br><br>A prefeitura foi aprovada no Concurso, \u201cMuseus Municipais\u201d, atrav\u00e9s do projeto desenvolvido pela Secretaria de Educa\u00e7\u00e3o e Cultura. Ao todo, mais de R$ 3 milh\u00f5es v\u00e3o ser investidos em Santa Rosa. A primeira etapa do projeto vai iniciar com a implementa\u00e7\u00e3o da Via Cultural, um verdadeiro Museu a C\u00e9u Aberto. O Prefeito Anderson Mantei, destacou a import\u00e2ncia deste novo espa\u00e7o para a comunidade, \u201cSanta Rosa avan\u00e7a em todas as \u00e1reas. Este \u00e9 um grande projeto que vai disseminar a hist\u00f3ria do munic\u00edpio e promover mais lazer, cultura e turismo para a nossa cidade\u201d.<br><br>Ap\u00f3s finalizada a obra, v\u00e3o ser instalados monumentos que contam a hist\u00f3ria de Santa Rosa e de suas personalidades. O prazo de execu\u00e7\u00e3o \u00e9 de 180 dias corridos, conforme o contrato. V\u00e3o ser investidos nesta etapa, R$ 1.944.428,18. A empresa respons\u00e1vel pela execu\u00e7\u00e3o do servi\u00e7o, \u00e9 a Tecnika Engenharia Especializada.<\/p>\n","protected":false},"excerpt":{"rendered":"<p>A prefeitura foi aprovada no Concurso, \u201cMuseus Municipais\u201d, atrav\u00e9s do projeto desenvolvido pela Secretaria de Educa\u00e7\u00e3o e Cultura. Monumentos, esculturas<\/p>\n","protected":false},"author":3,"featured_media":3479,"comment_status":"open","ping_status":"open","sticky":false,"template":"","format":"standard","meta":{"footnotes":""},"categories":[1],"tags":[],"class_list":["post-3478","post","type-post","status-publish","format-standard","has-post-thumbnail","hentry","category-sem-categoria"],"aioseo_notices":[],"_links":{"self":[{"href":"https:\/\/prefeitura.santarosa.rs.gov.br\/index.php?rest_route=\/wp\/v2\/posts\/3478","targetHints":{"allow":["GET"]}}],"collection":[{"href":"https:\/\/prefeitura.santarosa.rs.gov.br\/index.php?rest_route=\/wp\/v2\/posts"}],"about":[{"href":"https:\/\/prefeitura.santarosa.rs.gov.br\/index.php?rest_route=\/wp\/v2\/types\/post"}],"author":[{"embeddable":true,"href":"https:\/\/prefeitura.santarosa.rs.gov.br\/index.php?rest_route=\/wp\/v2\/users\/3"}],"replies":[{"embeddable":true,"href":"https:\/\/prefeitura.santarosa.rs.gov.br\/index.php?rest_route=%2Fwp%2Fv2%2Fcomments&post=3478"}],"version-history":[{"count":1,"href":"https:\/\/prefeitura.santarosa.rs.gov.br\/index.php?rest_route=\/wp\/v2\/posts\/3478\/revisions"}],"predecessor-version":[{"id":3480,"href":"https:\/\/prefeitura.santarosa.rs.gov.br\/index.php?rest_route=\/wp\/v2\/posts\/3478\/revisions\/3480"}],"wp:featuredmedia":[{"embeddable":true,"href":"https:\/\/prefeitura.santarosa.rs.gov.br\/index.php?rest_route=\/wp\/v2\/media\/3479"}],"wp:attachment":[{"href":"https:\/\/prefeitura.santarosa.rs.gov.br\/index.php?rest_route=%2Fwp%2Fv2%2Fmedia&parent=3478"}],"wp:term":[{"taxonomy":"category","embeddable":true,"href":"https:\/\/prefeitura.santarosa.rs.gov.br\/index.php?rest_route=%2Fwp%2Fv2%2Fcategories&post=3478"},{"taxonomy":"post_tag","embeddable":true,"href":"https:\/\/prefeitura.santarosa.rs.gov.br\/index.php?rest_route=%2Fwp%2Fv2%2Ftags&post=3478"}],"curies":[{"name":"wp","href":"https:\/\/api.w.org\/{rel}","templated":true}]}}