{"id":3448,"date":"2022-07-15T14:59:00","date_gmt":"2022-07-15T17:59:00","guid":{"rendered":"https:\/\/prefeitura.santarosa.rs.gov.br\/?p=3448"},"modified":"2024-10-07T09:54:05","modified_gmt":"2024-10-07T12:54:05","slug":"presidente-da-fumssar-participa-de-congresso-nacional-sobre-saude-publica","status":"publish","type":"post","link":"https:\/\/prefeitura.santarosa.rs.gov.br\/?p=3448","title":{"rendered":"Presidente da FUMSSAR participa de congresso nacional sobre Sa\u00fade P\u00fablica"},"content":{"rendered":"\n<p>O congresso conta com uma ampla programa\u00e7\u00e3o que re\u00fane gestores, trabalhadores e profissionais do SUS, de todo o pa\u00eds<\/p>\n\n\n\n<p>O Presidente da Funda\u00e7\u00e3o Municipal de Sa\u00fade de Santa Rosa, D\u00e9lcio Stefan est\u00e1 participando desde a ter\u00e7a-feira (12), do 36\u00ba Congresso do Conasems &#8211; Conselho Nacional de Secretarias Municipais de Sa\u00fade. O evento acontece em Campo Grande, no Mato Grosso do Sul. O congresso conta com uma ampla programa\u00e7\u00e3o que re\u00fane gestores, trabalhadores e profissionais do Sistema \u00danico de Sa\u00fade (SUS), de todos os estados do pa\u00eds.<\/p>\n\n\n\n<p>Dentre os assuntos debatidos, est\u00e3o temas importantes para a gest\u00e3o municipal de sa\u00fade p\u00fablica, como: fortalecimento da Aten\u00e7\u00e3o B\u00e1sica, financiamento e gest\u00e3o e o SUS e a pandemia da Covid-19. Al\u00e9m disso, est\u00e3o sendo realizadas atividades paralelas sobre regionaliza\u00e7\u00e3o, assist\u00eancia farmac\u00eautica, sa\u00fade mental e judicializa\u00e7\u00e3o. O Presidente da FUMSSAR, D\u00e9lcio Stefan, destacou a import\u00e2ncia de encontros como esse, &#8220;Estamos aqui representando Santa Rosa. S\u00e3o dias de muito aprendizado, onde conseguimos compartilhar experi\u00eancias exitosas do nosso munic\u00edpio e tratar assuntos relevantes para a gest\u00e3o p\u00fablica em sa\u00fade&#8221;. O evento encerra nesta sexta-feira (15). Ao todo, mais de 6 mil pessoas entre secret\u00e1rios, coordenadores e apoiadores dos conselhos regionais de sa\u00fade de todo o Brasil, participam do XXXVI Congresso do Conasems.<\/p>\n","protected":false},"excerpt":{"rendered":"<p>O congresso conta com uma ampla programa\u00e7\u00e3o que re\u00fane gestores, trabalhadores e profissionais do SUS, de todo o pa\u00eds O<\/p>\n","protected":false},"author":3,"featured_media":3449,"comment_status":"open","ping_status":"open","sticky":false,"template":"","format":"standard","meta":{"footnotes":""},"categories":[4,8],"tags":[],"class_list":["post-3448","post","type-post","status-publish","format-standard","has-post-thumbnail","hentry","category-noticias","category-noticias-fumssar"],"aioseo_notices":[],"_links":{"self":[{"href":"https:\/\/prefeitura.santarosa.rs.gov.br\/index.php?rest_route=\/wp\/v2\/posts\/3448","targetHints":{"allow":["GET"]}}],"collection":[{"href":"https:\/\/prefeitura.santarosa.rs.gov.br\/index.php?rest_route=\/wp\/v2\/posts"}],"about":[{"href":"https:\/\/prefeitura.santarosa.rs.gov.br\/index.php?rest_route=\/wp\/v2\/types\/post"}],"author":[{"embeddable":true,"href":"https:\/\/prefeitura.santarosa.rs.gov.br\/index.php?rest_route=\/wp\/v2\/users\/3"}],"replies":[{"embeddable":true,"href":"https:\/\/prefeitura.santarosa.rs.gov.br\/index.php?rest_route=%2Fwp%2Fv2%2Fcomments&post=3448"}],"version-history":[{"count":1,"href":"https:\/\/prefeitura.santarosa.rs.gov.br\/index.php?rest_route=\/wp\/v2\/posts\/3448\/revisions"}],"predecessor-version":[{"id":3450,"href":"https:\/\/prefeitura.santarosa.rs.gov.br\/index.php?rest_route=\/wp\/v2\/posts\/3448\/revisions\/3450"}],"wp:featuredmedia":[{"embeddable":true,"href":"https:\/\/prefeitura.santarosa.rs.gov.br\/index.php?rest_route=\/wp\/v2\/media\/3449"}],"wp:attachment":[{"href":"https:\/\/prefeitura.santarosa.rs.gov.br\/index.php?rest_route=%2Fwp%2Fv2%2Fmedia&parent=3448"}],"wp:term":[{"taxonomy":"category","embeddable":true,"href":"https:\/\/prefeitura.santarosa.rs.gov.br\/index.php?rest_route=%2Fwp%2Fv2%2Fcategories&post=3448"},{"taxonomy":"post_tag","embeddable":true,"href":"https:\/\/prefeitura.santarosa.rs.gov.br\/index.php?rest_route=%2Fwp%2Fv2%2Ftags&post=3448"}],"curies":[{"name":"wp","href":"https:\/\/api.w.org\/{rel}","templated":true}]}}