{"id":3439,"date":"2022-07-19T14:10:00","date_gmt":"2022-07-19T17:10:00","guid":{"rendered":"https:\/\/prefeitura.santarosa.rs.gov.br\/?p=3439"},"modified":"2024-10-07T09:54:05","modified_gmt":"2024-10-07T12:54:05","slug":"prefeito-cedeu-terreno-para-construcao-da-sede-da-liga-feminina-de-combate-ao-cancer","status":"publish","type":"post","link":"https:\/\/prefeitura.santarosa.rs.gov.br\/?p=3439","title":{"rendered":"Prefeito cedeu terreno para constru\u00e7\u00e3o da sede da Liga Feminina de Combate ao C\u00e2ncer"},"content":{"rendered":"\n<p>O termo foi assinado pelo prefeito e pela presidente da Liga, Cleci Tonel<\/p>\n\n\n\n<p>O Prefeito Anderson Mantei realizou na noite de s\u00e1bado (16), a entrega do termo de concess\u00e3o de uma \u00e1rea, para a nova sede da Liga Feminina de Combate ao C\u00e2ncer de Santa Rosa. O ato aconteceu durante o jantar \u201cHomem na Cozinha\u201d, evento promovido pela entidade. O termo foi assinado pelo prefeito e pela presidente da Liga, Cleci Tonel. Tamb\u00e9m prestigiaram o evento, o Vice-Prefeito Aldemir Ulrich, empres\u00e1rios e a comunidade.<br><br>A entidade fundada em 1977, auxilia pessoas portadoras de c\u00e2ncer em Santa Rosa. O Prefeito Anderson Mantei, parabenizou o trabalho desenvolvido pela institui\u00e7\u00e3o, \u201cSomos muito gratos pelo empenho e dedica\u00e7\u00e3o de toda a equipe da Liga Feminina de Combate ao C\u00e2ncer. Mulheres guerreiras que com muito carinho, abra\u00e7am e d\u00e3o suporte para as pessoas que enfrentam essa doen\u00e7a\u201d.<br><br>A 22\u00aa edi\u00e7\u00e3o do jantar \u201cHomem na Cozinha\u201d, contou com a participa\u00e7\u00e3o de cinco chefes que juntos de suas equipes prepararam os card\u00e1pios. Durante o jantar, foram anunciadas as primeiras doa\u00e7\u00f5es que v\u00e3o auxiliar na constru\u00e7\u00e3o do pr\u00e9dio. \u201cAgradecemos muito o apoio que o governo municipal tem nos dado. Temos a certeza que logo estaremos construindo nossa sede, um grande sonho que come\u00e7a a se tornar realidade\u201d, afirma a presidente da Liga, Cleci. A Liga Feminina de Combate ao C\u00e2ncer de Santa Rosa atua h\u00e1 45 anos no munic\u00edpio. A nova sede vai ficar localizada na Rua 24 de outubro, no Bairro Gl\u00f3ria.<\/p>\n","protected":false},"excerpt":{"rendered":"<p>O termo foi assinado pelo prefeito e pela presidente da Liga, Cleci Tonel O Prefeito Anderson Mantei realizou na noite<\/p>\n","protected":false},"author":3,"featured_media":3440,"comment_status":"open","ping_status":"open","sticky":false,"template":"","format":"standard","meta":{"footnotes":""},"categories":[4,3],"tags":[],"class_list":["post-3439","post","type-post","status-publish","format-standard","has-post-thumbnail","hentry","category-noticias","category-gabinete-do-prefeito"],"aioseo_notices":[],"_links":{"self":[{"href":"https:\/\/prefeitura.santarosa.rs.gov.br\/index.php?rest_route=\/wp\/v2\/posts\/3439","targetHints":{"allow":["GET"]}}],"collection":[{"href":"https:\/\/prefeitura.santarosa.rs.gov.br\/index.php?rest_route=\/wp\/v2\/posts"}],"about":[{"href":"https:\/\/prefeitura.santarosa.rs.gov.br\/index.php?rest_route=\/wp\/v2\/types\/post"}],"author":[{"embeddable":true,"href":"https:\/\/prefeitura.santarosa.rs.gov.br\/index.php?rest_route=\/wp\/v2\/users\/3"}],"replies":[{"embeddable":true,"href":"https:\/\/prefeitura.santarosa.rs.gov.br\/index.php?rest_route=%2Fwp%2Fv2%2Fcomments&post=3439"}],"version-history":[{"count":1,"href":"https:\/\/prefeitura.santarosa.rs.gov.br\/index.php?rest_route=\/wp\/v2\/posts\/3439\/revisions"}],"predecessor-version":[{"id":3441,"href":"https:\/\/prefeitura.santarosa.rs.gov.br\/index.php?rest_route=\/wp\/v2\/posts\/3439\/revisions\/3441"}],"wp:featuredmedia":[{"embeddable":true,"href":"https:\/\/prefeitura.santarosa.rs.gov.br\/index.php?rest_route=\/wp\/v2\/media\/3440"}],"wp:attachment":[{"href":"https:\/\/prefeitura.santarosa.rs.gov.br\/index.php?rest_route=%2Fwp%2Fv2%2Fmedia&parent=3439"}],"wp:term":[{"taxonomy":"category","embeddable":true,"href":"https:\/\/prefeitura.santarosa.rs.gov.br\/index.php?rest_route=%2Fwp%2Fv2%2Fcategories&post=3439"},{"taxonomy":"post_tag","embeddable":true,"href":"https:\/\/prefeitura.santarosa.rs.gov.br\/index.php?rest_route=%2Fwp%2Fv2%2Ftags&post=3439"}],"curies":[{"name":"wp","href":"https:\/\/api.w.org\/{rel}","templated":true}]}}