{"id":3346,"date":"2022-08-08T08:32:00","date_gmt":"2022-08-08T11:32:00","guid":{"rendered":"https:\/\/prefeitura.santarosa.rs.gov.br\/?p=3346"},"modified":"2024-10-07T09:54:05","modified_gmt":"2024-10-07T12:54:05","slug":"obras-de-cerca-de-r-2-milhoes-sao-entregues-no-centro","status":"publish","type":"post","link":"https:\/\/prefeitura.santarosa.rs.gov.br\/?p=3346","title":{"rendered":"Obras de cerca de R$ 2 milh\u00f5es s\u00e3o entregues no Centro"},"content":{"rendered":"\n<p>A a\u00e7\u00e3o fez parte da programa\u00e7\u00e3o oficial do munic\u00edpio, em comemora\u00e7\u00e3o aos 91 anos de Santa Rosa<\/p>\n\n\n\n<p>Atrav\u00e9s do Planejamento Estrat\u00e9gico implementado no Governo Municipal, a gest\u00e3o tem garantido melhorias na infraestrutura e mais mobilidade urbana para a popula\u00e7\u00e3o. O Prefeito Anderson Mantei esteve reunido na manh\u00e3 deste s\u00e1bado (06), com os moradores da Rua General Os\u00f3rio, no centro de Santa Rosa. Na oportunidade, foi realizada a entrega oficial da obra de pavimenta\u00e7\u00e3o asf\u00e1ltica e revitaliza\u00e7\u00e3o da Pra\u00e7a Padre Silvio Sattler, conhecida como Pra\u00e7a Polivalente.<br><br>A a\u00e7\u00e3o fez parte da programa\u00e7\u00e3o oficial do munic\u00edpio, em comemora\u00e7\u00e3o aos 91 anos de Santa Rosa. O projeto contemplou a pavimenta\u00e7\u00e3o asf\u00e1ltica, com obras complementares de drenagem, sinaliza\u00e7\u00e3o, passeio e rampas de acessibilidade, numa \u00e1rea total de 9.171,84 m\u00b2. Al\u00e9m disso, a Pra\u00e7a Polivalente passou por uma revitaliza\u00e7\u00e3o, atrav\u00e9s da manuten\u00e7\u00e3o e pintura dos brinquedos, poda de levantamento, revis\u00e3o da ilumina\u00e7\u00e3o p\u00fablica e o ajardinamento. O Prefeito Anderson Mantei, destacou que as melhorias impactam positivamente na mobilidade urbana e na qualidade de vida da popula\u00e7\u00e3o, \u201cEstamos muito contentes de celebrar o anivers\u00e1rio de Santa Rosa e poder entregar para a comunidade, mais uma obra de melhoria na infraestrutura do munic\u00edpio\u201d. O evento contou tamb\u00e9m com apresenta\u00e7\u00f5es musicais realizadas pela Banda Municipal.<\/p>\n","protected":false},"excerpt":{"rendered":"<p>A a\u00e7\u00e3o fez parte da programa\u00e7\u00e3o oficial do munic\u00edpio, em comemora\u00e7\u00e3o aos 91 anos de Santa Rosa Atrav\u00e9s do Planejamento<\/p>\n","protected":false},"author":3,"featured_media":3347,"comment_status":"open","ping_status":"open","sticky":false,"template":"","format":"standard","meta":{"footnotes":""},"categories":[4,21],"tags":[],"class_list":["post-3346","post","type-post","status-publish","format-standard","has-post-thumbnail","hentry","category-noticias","category-secretaria-municipal-de-obras"],"aioseo_notices":[],"_links":{"self":[{"href":"https:\/\/prefeitura.santarosa.rs.gov.br\/index.php?rest_route=\/wp\/v2\/posts\/3346","targetHints":{"allow":["GET"]}}],"collection":[{"href":"https:\/\/prefeitura.santarosa.rs.gov.br\/index.php?rest_route=\/wp\/v2\/posts"}],"about":[{"href":"https:\/\/prefeitura.santarosa.rs.gov.br\/index.php?rest_route=\/wp\/v2\/types\/post"}],"author":[{"embeddable":true,"href":"https:\/\/prefeitura.santarosa.rs.gov.br\/index.php?rest_route=\/wp\/v2\/users\/3"}],"replies":[{"embeddable":true,"href":"https:\/\/prefeitura.santarosa.rs.gov.br\/index.php?rest_route=%2Fwp%2Fv2%2Fcomments&post=3346"}],"version-history":[{"count":1,"href":"https:\/\/prefeitura.santarosa.rs.gov.br\/index.php?rest_route=\/wp\/v2\/posts\/3346\/revisions"}],"predecessor-version":[{"id":3348,"href":"https:\/\/prefeitura.santarosa.rs.gov.br\/index.php?rest_route=\/wp\/v2\/posts\/3346\/revisions\/3348"}],"wp:featuredmedia":[{"embeddable":true,"href":"https:\/\/prefeitura.santarosa.rs.gov.br\/index.php?rest_route=\/wp\/v2\/media\/3347"}],"wp:attachment":[{"href":"https:\/\/prefeitura.santarosa.rs.gov.br\/index.php?rest_route=%2Fwp%2Fv2%2Fmedia&parent=3346"}],"wp:term":[{"taxonomy":"category","embeddable":true,"href":"https:\/\/prefeitura.santarosa.rs.gov.br\/index.php?rest_route=%2Fwp%2Fv2%2Fcategories&post=3346"},{"taxonomy":"post_tag","embeddable":true,"href":"https:\/\/prefeitura.santarosa.rs.gov.br\/index.php?rest_route=%2Fwp%2Fv2%2Ftags&post=3346"}],"curies":[{"name":"wp","href":"https:\/\/api.w.org\/{rel}","templated":true}]}}