{"id":3337,"date":"2022-08-09T16:17:00","date_gmt":"2022-08-09T19:17:00","guid":{"rendered":"https:\/\/prefeitura.santarosa.rs.gov.br\/?p=3337"},"modified":"2024-10-07T09:54:05","modified_gmt":"2024-10-07T12:54:05","slug":"inicio-das-aulas-do-curso-profissionalizante-de-costura","status":"publish","type":"post","link":"https:\/\/prefeitura.santarosa.rs.gov.br\/?p=3337","title":{"rendered":"In\u00edcio das aulas do curso profissionalizante de costura"},"content":{"rendered":"\n<p>O curso \u00e9 ofertado gratuitamente para as pessoas que buscam qualifica\u00e7\u00e3o profissional ou recoloca\u00e7\u00e3o no mercado de trabalho<\/p>\n\n\n\n<p>As aulas do curso profissionalizante de costura disponibilizado pela prefeitura, iniciaram nesta segunda-feira (08), em Santa Rosa. O ato inaugural aconteceu na Pra\u00e7a da Bandeira e contou com a presen\u00e7a de diversas autoridades. A a\u00e7\u00e3o \u00e9 uma parceria das Secretarias de Desenvolvimento Econ\u00f4mico, Desenvolvimento Social, SIMMMESR &#8211; Sindicato das Ind\u00fastrias Metal\u00fargicas Mec\u00e2nicas e de Material El\u00e9trico de Santa Rosa e do SENAI &#8211; Servi\u00e7o Nacional de Aprendizagem Industrial. O curso \u00e9 ofertado gratuitamente para as pessoas que buscam qualifica\u00e7\u00e3o profissional ou recoloca\u00e7\u00e3o no mercado de trabalho. Ao todo, foram preenchidas 28 vagas, em dois turnos, tarde e noite.<br><br>O curso profissionalizante de costura \u00e9 realizado dentro da Unidade M\u00f3vel do SENAI, que est\u00e1 estacionada na Pra\u00e7a da Bandeira. Os participantes t\u00eam acesso aos equipamentos, m\u00e1quinas de costura, mesa de corte de tecidos e outros instrumentos necess\u00e1rios para a aprendizagem. O Prefeito Anderson Mantei, deu boas-vindas aos primeiros inscritos e ressaltou que esta \u00e9 uma preocupa\u00e7\u00e3o da gest\u00e3o, ofertar mais qualifica\u00e7\u00e3o para as pessoas que est\u00e3o em busca de uma oportunidade de trabalho, \u201cEstamos muito contentes de proporcionar ferramentas que auxiliem no desenvolvimento profissional. Com certeza, esta \u00e9 uma a\u00e7\u00e3o que vai impactar positivamente na qualidade de vida destas fam\u00edlias e tamb\u00e9m gerar uma nova fonte de renda\u201d. O curso possui carga hor\u00e1ria de 160 horas. Ap\u00f3s a conclus\u00e3o, os participantes v\u00e3o ser encaminhados para o mercado de trabalho, para ocupar as vagas dispon\u00edveis na ind\u00fastria t\u00eaxtil do munic\u00edpio.<\/p>\n","protected":false},"excerpt":{"rendered":"<p>O curso \u00e9 ofertado gratuitamente para as pessoas que buscam qualifica\u00e7\u00e3o profissional ou recoloca\u00e7\u00e3o no mercado de trabalho As aulas<\/p>\n","protected":false},"author":3,"featured_media":3338,"comment_status":"open","ping_status":"open","sticky":false,"template":"","format":"standard","meta":{"footnotes":""},"categories":[4,18],"tags":[],"class_list":["post-3337","post","type-post","status-publish","format-standard","has-post-thumbnail","hentry","category-noticias","category-secretaria-municipal-de-educacao-e-cultura"],"aioseo_notices":[],"_links":{"self":[{"href":"https:\/\/prefeitura.santarosa.rs.gov.br\/index.php?rest_route=\/wp\/v2\/posts\/3337","targetHints":{"allow":["GET"]}}],"collection":[{"href":"https:\/\/prefeitura.santarosa.rs.gov.br\/index.php?rest_route=\/wp\/v2\/posts"}],"about":[{"href":"https:\/\/prefeitura.santarosa.rs.gov.br\/index.php?rest_route=\/wp\/v2\/types\/post"}],"author":[{"embeddable":true,"href":"https:\/\/prefeitura.santarosa.rs.gov.br\/index.php?rest_route=\/wp\/v2\/users\/3"}],"replies":[{"embeddable":true,"href":"https:\/\/prefeitura.santarosa.rs.gov.br\/index.php?rest_route=%2Fwp%2Fv2%2Fcomments&post=3337"}],"version-history":[{"count":1,"href":"https:\/\/prefeitura.santarosa.rs.gov.br\/index.php?rest_route=\/wp\/v2\/posts\/3337\/revisions"}],"predecessor-version":[{"id":3339,"href":"https:\/\/prefeitura.santarosa.rs.gov.br\/index.php?rest_route=\/wp\/v2\/posts\/3337\/revisions\/3339"}],"wp:featuredmedia":[{"embeddable":true,"href":"https:\/\/prefeitura.santarosa.rs.gov.br\/index.php?rest_route=\/wp\/v2\/media\/3338"}],"wp:attachment":[{"href":"https:\/\/prefeitura.santarosa.rs.gov.br\/index.php?rest_route=%2Fwp%2Fv2%2Fmedia&parent=3337"}],"wp:term":[{"taxonomy":"category","embeddable":true,"href":"https:\/\/prefeitura.santarosa.rs.gov.br\/index.php?rest_route=%2Fwp%2Fv2%2Fcategories&post=3337"},{"taxonomy":"post_tag","embeddable":true,"href":"https:\/\/prefeitura.santarosa.rs.gov.br\/index.php?rest_route=%2Fwp%2Fv2%2Ftags&post=3337"}],"curies":[{"name":"wp","href":"https:\/\/api.w.org\/{rel}","templated":true}]}}