{"id":327,"date":"2021-11-11T08:00:00","date_gmt":"2021-11-11T11:00:00","guid":{"rendered":"https:\/\/prefeitura.santarosa.rs.gov.br\/?p=327"},"modified":"2024-10-07T09:54:42","modified_gmt":"2024-10-07T12:54:42","slug":"projeto-karate-envolve-700-criancas","status":"publish","type":"post","link":"https:\/\/prefeitura.santarosa.rs.gov.br\/?p=327","title":{"rendered":"Projeto Karat\u00ea envolve 700 crian\u00e7as"},"content":{"rendered":"\n<p>A pr\u00e1tica do esporte favorece o desenvolvimento da autoconfian\u00e7a e habilidades necess\u00e1rias ao processo de desenvolvimento.<\/p>\n\n\n\n<p>Contribuir para a socializa\u00e7\u00e3o e o crescimento de crian\u00e7as e adolescentes. Esse \u00e9 um dos objetivos do Projeto Karat\u00ea. A pr\u00e1tica do esporte favorece o desenvolvimento da autoconfian\u00e7a e habilidades necess\u00e1rias ao processo de desenvolvimento. Em Santa Rosa, a Prefeitura acaba de ampliar o atendimento das aulas. A Secretaria de Esporte oferece 700 vagas para aulas de karat\u00ea.<\/p>\n\n\n\n<p>O projeto iniciou no CEU das Artes(Cruzeiro) e hoje, contempla turmas tamb\u00e9m na EMEF CEL Raul de Oliveira(Cruzeiro), na EMEF Nossa Senhora de Fatima(Sulina), na Academia Drag\u00f5es do Oriente(Sulina), na Escola Municipal de Ensino Fundamental Santa Rita(Vila Esperan\u00e7a), na AABB(centro) e na EMEF Professor Francisco Xavier Giordani(Planalto). Para o prefeito Anderson Mantei a amplia\u00e7\u00e3o ocorreu pela relev\u00e2ncia desse que \u00e9 um dos projetos mais importantes desenvolvidos para as crian\u00e7as de Santa Rosa, \u201cSabemos o quanto as atividades no contraturno s\u00e3o importantes para o desenvolvimento das crian\u00e7as, e por isso, vamos investir cada vez mais em projetos como esse, que podem fazer a diferen\u00e7a na vida dos alunos\u201d.<\/p>\n\n\n\n<p>Em agosto, eram 240 crian\u00e7as, o n\u00famero foi ampliado para 700 alunos em outubro desse ano. A Secretaria de Esporte monitora frequentemente as oficinas, adequando a oferta e disponibilidade compat\u00edvel com a demanda. Segundo o Secret\u00e1rio Fernando Classmann, \u201cDesta forma estamos oportunizando nossas crian\u00e7as e jovens a conhecerem e praticarem uma atividade esportiva que lhe traz benef\u00edcios f\u00edsicos quanto ps\u00edquicos j\u00e1 mencionados\u201d. Como segue crescente a procura por vagas de Karat\u00ea, a inten\u00e7\u00e3o da Prefeitura \u00e9 ampliar ainda mais o projeto. As vagas para oficinas de futebol de campo, futsal e handebol tamb\u00e9m est\u00e3o sendo disponibilizadas. Para realizar inscri\u00e7\u00f5es os alunos ou seu representante deve entrar em contato com a Secretaria de Esporte atrav\u00e9s do telefone 3511-5126 ou no Est\u00e1dio Municipal Carlos Denardin.<\/p>\n","protected":false},"excerpt":{"rendered":"<p>A pr\u00e1tica do esporte favorece o desenvolvimento da autoconfian\u00e7a e habilidades necess\u00e1rias ao processo de desenvolvimento. Contribuir para a socializa\u00e7\u00e3o<\/p>\n","protected":false},"author":2,"featured_media":328,"comment_status":"open","ping_status":"open","sticky":false,"template":"","format":"standard","meta":{"footnotes":""},"categories":[4,19],"tags":[],"class_list":["post-327","post","type-post","status-publish","format-standard","has-post-thumbnail","hentry","category-noticias","category-secretaria-municipal-de-esporte"],"aioseo_notices":[],"_links":{"self":[{"href":"https:\/\/prefeitura.santarosa.rs.gov.br\/index.php?rest_route=\/wp\/v2\/posts\/327","targetHints":{"allow":["GET"]}}],"collection":[{"href":"https:\/\/prefeitura.santarosa.rs.gov.br\/index.php?rest_route=\/wp\/v2\/posts"}],"about":[{"href":"https:\/\/prefeitura.santarosa.rs.gov.br\/index.php?rest_route=\/wp\/v2\/types\/post"}],"author":[{"embeddable":true,"href":"https:\/\/prefeitura.santarosa.rs.gov.br\/index.php?rest_route=\/wp\/v2\/users\/2"}],"replies":[{"embeddable":true,"href":"https:\/\/prefeitura.santarosa.rs.gov.br\/index.php?rest_route=%2Fwp%2Fv2%2Fcomments&post=327"}],"version-history":[{"count":1,"href":"https:\/\/prefeitura.santarosa.rs.gov.br\/index.php?rest_route=\/wp\/v2\/posts\/327\/revisions"}],"predecessor-version":[{"id":329,"href":"https:\/\/prefeitura.santarosa.rs.gov.br\/index.php?rest_route=\/wp\/v2\/posts\/327\/revisions\/329"}],"wp:featuredmedia":[{"embeddable":true,"href":"https:\/\/prefeitura.santarosa.rs.gov.br\/index.php?rest_route=\/wp\/v2\/media\/328"}],"wp:attachment":[{"href":"https:\/\/prefeitura.santarosa.rs.gov.br\/index.php?rest_route=%2Fwp%2Fv2%2Fmedia&parent=327"}],"wp:term":[{"taxonomy":"category","embeddable":true,"href":"https:\/\/prefeitura.santarosa.rs.gov.br\/index.php?rest_route=%2Fwp%2Fv2%2Fcategories&post=327"},{"taxonomy":"post_tag","embeddable":true,"href":"https:\/\/prefeitura.santarosa.rs.gov.br\/index.php?rest_route=%2Fwp%2Fv2%2Ftags&post=327"}],"curies":[{"name":"wp","href":"https:\/\/api.w.org\/{rel}","templated":true}]}}