{"id":324,"date":"2021-08-04T08:00:00","date_gmt":"2021-08-04T11:00:00","guid":{"rendered":"https:\/\/prefeitura.santarosa.rs.gov.br\/?p=324"},"modified":"2024-10-07T09:55:00","modified_gmt":"2024-10-07T12:55:00","slug":"workshop-para-idosos","status":"publish","type":"post","link":"https:\/\/prefeitura.santarosa.rs.gov.br\/?p=324","title":{"rendered":"Workshop para Idosos"},"content":{"rendered":"\n<p>A atividade foi organizada pela Secretaria Municipal de Desenvolvimento Social.<\/p>\n\n\n\n<p>Na manh\u00e3 desta quarta-feira(04), ocorreu no Centro C\u00edvico um Workshop para Idosos. A atividade foi organizada pela Secretaria Municipal de Desenvolvimento Social. Assuntos de relev\u00e2ncia para a melhor idade, como: direitos dos idosos, atos de viol\u00eancia que o idoso pode sofrer, crimes praticados contra o idoso, al\u00e9m de orienta\u00e7\u00f5es sobre seguran\u00e7a banc\u00e1ria foram temas abordados.<\/p>\n\n\n\n<p>A secret\u00e1ria Rita Strasser fez a abertura do evento e falou da alegria de poder, reunir representantes do p\u00fablico idoso de Santa Rosa, para passar estas orienta\u00e7\u00f5es, \u201cEstamos contentes em poder orientar os idosos sobre seus direitos e seguran\u00e7a, esse trabalho de acompanhamento e informa\u00e7\u00e3o \u00e9 bastante importante\u201d. A Presidente do Conselho Municipal do Idoso, Roseli Bess ressaltou a relev\u00e2ncia do workshop, \u201cA expectativa de vida vem aumentando a cada dia e a cidade, o estado, o Brasil tem que estar preparado para proporcionar as condi\u00e7\u00f5es adequadas que o idoso precisa para ter uma vida digna e de respeito\u201d.<\/p>\n\n\n\n<p>Os idosos puderam ouvir uma explana\u00e7\u00e3o sobre os seus direitos, tipos de viol\u00eancias e os crimes que podem ser cometidos contra eles. Foi refor\u00e7ado que a responsabilidade e o dever do cuidado com o idoso \u00e9 da fam\u00edlia. O advogado Rafael Marodin, do Centro de Refer\u00eancia Especializado de Assist\u00eancia Social (CREAS) deu como um dos exemplos de direito dos idosos, as vagas de estacionamento destinadas para eles, \u201cO idoso tem direito a vaga marcada para ele, porque a sociedade reconhece que aquela vaga \u00e9 para a pessoa que tem mais sabedoria, mais experi\u00eancia, que est\u00e1 aqui h\u00e1 mais tempo e que ajudou a construir a sociedade, a qual estamos inseridos e que no futuro vamos poder desfrutar do mesmo direito\u201d.<\/p>\n\n\n\n<p>Ap\u00f3s as orienta\u00e7\u00f5es sobre os direitos, os funcion\u00e1rios do Banco Sicredi fizeram uso da palavra e deram informa\u00e7\u00f5es sobre seguran\u00e7a banc\u00e1ria para os idosos. O Assistente de Neg\u00f3cios, Lucas Juver contou que recebem muitos casos de idosos que foram enganados e acabam sofrendo algum preju\u00edzo financeiro por n\u00e3o ter acesso a informa\u00e7\u00f5es adequadas, \u201cDiariamente, no atendimento com o p\u00fablico da melhor idade, percebemos que este \u00e9 um p\u00fablico bem fragilizado em rela\u00e7\u00e3o \u00e0s informa\u00e7\u00f5es, muito preocupado com isso, a gente veio explanar um pouco sobre a seguran\u00e7a banc\u00e1ria, seguran\u00e7a de dados, falar sobre as tentativas de fraude e alertar os idosos para tirar d\u00favidas, consultar familiares e n\u00e3o fazer nada deliberadamente\u201d.<\/p>\n\n\n\n<p>O Workshop para Idosos faz parte da programa\u00e7\u00e3o dos 90 anos de Santa Rosa e contribuiu com esclarecimentos para o p\u00fablico da melhor idade do munic\u00edpio.<\/p>\n","protected":false},"excerpt":{"rendered":"<p>A atividade foi organizada pela Secretaria Municipal de Desenvolvimento Social. Na manh\u00e3 desta quarta-feira(04), ocorreu no Centro C\u00edvico um Workshop<\/p>\n","protected":false},"author":3,"featured_media":325,"comment_status":"open","ping_status":"open","sticky":false,"template":"","format":"standard","meta":{"footnotes":""},"categories":[4,17],"tags":[],"class_list":["post-324","post","type-post","status-publish","format-standard","has-post-thumbnail","hentry","category-noticias","category-secretaria-municipal-de-desenvolvimento-social"],"aioseo_notices":[],"_links":{"self":[{"href":"https:\/\/prefeitura.santarosa.rs.gov.br\/index.php?rest_route=\/wp\/v2\/posts\/324","targetHints":{"allow":["GET"]}}],"collection":[{"href":"https:\/\/prefeitura.santarosa.rs.gov.br\/index.php?rest_route=\/wp\/v2\/posts"}],"about":[{"href":"https:\/\/prefeitura.santarosa.rs.gov.br\/index.php?rest_route=\/wp\/v2\/types\/post"}],"author":[{"embeddable":true,"href":"https:\/\/prefeitura.santarosa.rs.gov.br\/index.php?rest_route=\/wp\/v2\/users\/3"}],"replies":[{"embeddable":true,"href":"https:\/\/prefeitura.santarosa.rs.gov.br\/index.php?rest_route=%2Fwp%2Fv2%2Fcomments&post=324"}],"version-history":[{"count":1,"href":"https:\/\/prefeitura.santarosa.rs.gov.br\/index.php?rest_route=\/wp\/v2\/posts\/324\/revisions"}],"predecessor-version":[{"id":326,"href":"https:\/\/prefeitura.santarosa.rs.gov.br\/index.php?rest_route=\/wp\/v2\/posts\/324\/revisions\/326"}],"wp:featuredmedia":[{"embeddable":true,"href":"https:\/\/prefeitura.santarosa.rs.gov.br\/index.php?rest_route=\/wp\/v2\/media\/325"}],"wp:attachment":[{"href":"https:\/\/prefeitura.santarosa.rs.gov.br\/index.php?rest_route=%2Fwp%2Fv2%2Fmedia&parent=324"}],"wp:term":[{"taxonomy":"category","embeddable":true,"href":"https:\/\/prefeitura.santarosa.rs.gov.br\/index.php?rest_route=%2Fwp%2Fv2%2Fcategories&post=324"},{"taxonomy":"post_tag","embeddable":true,"href":"https:\/\/prefeitura.santarosa.rs.gov.br\/index.php?rest_route=%2Fwp%2Fv2%2Ftags&post=324"}],"curies":[{"name":"wp","href":"https:\/\/api.w.org\/{rel}","templated":true}]}}