{"id":301,"date":"2021-08-30T13:28:00","date_gmt":"2021-08-30T16:28:00","guid":{"rendered":"https:\/\/prefeitura.santarosa.rs.gov.br\/?p=301"},"modified":"2024-10-07T09:54:59","modified_gmt":"2024-10-07T12:54:59","slug":"prefeitura-investe-em-novas-maquinas","status":"publish","type":"post","link":"https:\/\/prefeitura.santarosa.rs.gov.br\/?p=301","title":{"rendered":"Prefeitura investe em novas m\u00e1quinas"},"content":{"rendered":"\n<p>Segue em andamento as atividades da Secretaria de Agricultura<\/p>\n\n\n\n<p>A Prefeitura de Santa Rosa encaminhou processo para aquisi\u00e7\u00e3o de novas m\u00e1quinas. Ser\u00e3o adquiridos: um caminh\u00e3o, uma escavadeira e uma retroescavadeira. Com investimento de mais de R$ 1,8 milh\u00e3o, o maquin\u00e1rio ser\u00e1 destinado para a Secretaria de Agricultura.<br>Segue em andamento as atividades da Secretaria de Agricultura. Conforme consta no plano de governo o foco \u00e9 o incentivo para melhorar a vida do produtor, e para isso, investimentos est\u00e3o sendo realizados. O munic\u00edpio acaba de investir em novas m\u00e1quinas, \u201cEstamos com um olhar bem atento para as quest\u00f5es do interior e queremos avan\u00e7ar muito no suporte do munic\u00edpio para as comunidades\u201d, destaca prefeito Anderson Mantei.<\/p>\n\n\n\n<p>Ser\u00e1 adquirido um caminh\u00e3o de R$ 550 mil, com recurso da Prefeitura, assim como, uma escavadeira de R$ 900 mil. Tamb\u00e9m ser\u00e1 adquirida uma retroescavadeira de R$ 396 mil do Senador Luiz Carlos Heinze. O valor estimado para as tr\u00eas m\u00e1quinas \u00e9 de R$ 1.846.000,00. Para o Secret\u00e1rio de Agricultura, Paulo Roberto dos Santos, \u201cO objetivo \u00e9 realizar um trabalho com excel\u00eancia nas estradas e acessos do interior\u201d. A emenda j\u00e1 foi cadastrada e as outras m\u00e1quinas ser\u00e3o adquiridas com recurso pr\u00f3prio. O prazo para entrega do maquin\u00e1rio atrav\u00e9s da concession\u00e1ria \u00e9 de no m\u00ednimo 120 dias.<\/p>\n\n\n\n<p>Foto: ilustrativa de um trabalho realizado com maquin\u00e1rio da Prefeitura no interior nesta semana.<\/p>\n","protected":false},"excerpt":{"rendered":"<p>Segue em andamento as atividades da Secretaria de Agricultura A Prefeitura de Santa Rosa encaminhou processo para aquisi\u00e7\u00e3o de novas<\/p>\n","protected":false},"author":3,"featured_media":306,"comment_status":"open","ping_status":"open","sticky":false,"template":"","format":"standard","meta":{"footnotes":""},"categories":[4,14],"tags":[],"class_list":["post-301","post","type-post","status-publish","format-standard","has-post-thumbnail","hentry","category-noticias","category-secretaria-municipal-de-agricultura"],"aioseo_notices":[],"_links":{"self":[{"href":"https:\/\/prefeitura.santarosa.rs.gov.br\/index.php?rest_route=\/wp\/v2\/posts\/301","targetHints":{"allow":["GET"]}}],"collection":[{"href":"https:\/\/prefeitura.santarosa.rs.gov.br\/index.php?rest_route=\/wp\/v2\/posts"}],"about":[{"href":"https:\/\/prefeitura.santarosa.rs.gov.br\/index.php?rest_route=\/wp\/v2\/types\/post"}],"author":[{"embeddable":true,"href":"https:\/\/prefeitura.santarosa.rs.gov.br\/index.php?rest_route=\/wp\/v2\/users\/3"}],"replies":[{"embeddable":true,"href":"https:\/\/prefeitura.santarosa.rs.gov.br\/index.php?rest_route=%2Fwp%2Fv2%2Fcomments&post=301"}],"version-history":[{"count":1,"href":"https:\/\/prefeitura.santarosa.rs.gov.br\/index.php?rest_route=\/wp\/v2\/posts\/301\/revisions"}],"predecessor-version":[{"id":307,"href":"https:\/\/prefeitura.santarosa.rs.gov.br\/index.php?rest_route=\/wp\/v2\/posts\/301\/revisions\/307"}],"wp:featuredmedia":[{"embeddable":true,"href":"https:\/\/prefeitura.santarosa.rs.gov.br\/index.php?rest_route=\/wp\/v2\/media\/306"}],"wp:attachment":[{"href":"https:\/\/prefeitura.santarosa.rs.gov.br\/index.php?rest_route=%2Fwp%2Fv2%2Fmedia&parent=301"}],"wp:term":[{"taxonomy":"category","embeddable":true,"href":"https:\/\/prefeitura.santarosa.rs.gov.br\/index.php?rest_route=%2Fwp%2Fv2%2Fcategories&post=301"},{"taxonomy":"post_tag","embeddable":true,"href":"https:\/\/prefeitura.santarosa.rs.gov.br\/index.php?rest_route=%2Fwp%2Fv2%2Ftags&post=301"}],"curies":[{"name":"wp","href":"https:\/\/api.w.org\/{rel}","templated":true}]}}