{"id":257,"date":"2021-10-14T10:44:00","date_gmt":"2021-10-14T13:44:00","guid":{"rendered":"https:\/\/prefeitura.santarosa.rs.gov.br\/?p=257"},"modified":"2024-10-07T09:54:43","modified_gmt":"2024-10-07T12:54:43","slug":"tecnologia-para-transformar-vidas-e-o-mundo","status":"publish","type":"post","link":"https:\/\/prefeitura.santarosa.rs.gov.br\/?p=257","title":{"rendered":"Tecnologia para transformar vidas e o mundo"},"content":{"rendered":"\n<p>O objetivo \u00e9 ampliar oportunidades aos jovens por meio do uso qualificado e consciente da tecnologia.<\/p>\n\n\n\n<p>A Biblioteca P\u00fablica Municipal Olavo Bilac em parceria com a Ger\u00eancia de Pol\u00edticas P\u00fablicas para Juventude vai ofertar a partir do m\u00eas de outubro (25), o Curso: \u201cFerramentas Digitais para o Trabalho\u201d. O curso ser\u00e1 desenvolvido por meio de uma plataforma disponibilizada pela Recode, uma organiza\u00e7\u00e3o da sociedade civil que usa a tecnologia para gerar oportunidades e estimular a transforma\u00e7\u00e3o social e o empoderamento digital. O objetivo \u00e9 ampliar oportunidades aos jovens por meio do uso qualificado e consciente da tecnologia.<\/p>\n\n\n\n<p>Inicialmente vai ser um projeto piloto com duas turmas. Os participantes v\u00e3o ter contato com ferramentas fundamentais para o dia a dia de trabalho como, Word, Excel e Power Point. O curso \u00e9 totalmente gratuito, com dura\u00e7\u00e3o de 56 horas e vai acontecer no espa\u00e7o da Biblioteca P\u00fablica Municipal Olavo Bilac.<\/p>\n\n\n\n<p>As inscri\u00e7\u00f5es est\u00e3o abertas do dia 14 at\u00e9 o dia 22 de outubro na Biblioteca P\u00fablica Olavo Bilac, localizada na Rua Buenos Aires, n\u00ba 938, bairro centro.<\/p>\n","protected":false},"excerpt":{"rendered":"<p>O objetivo \u00e9 ampliar oportunidades aos jovens por meio do uso qualificado e consciente da tecnologia. A Biblioteca P\u00fablica Municipal<\/p>\n","protected":false},"author":3,"featured_media":260,"comment_status":"open","ping_status":"open","sticky":false,"template":"","format":"standard","meta":{"footnotes":""},"categories":[4,18],"tags":[],"class_list":["post-257","post","type-post","status-publish","format-standard","has-post-thumbnail","hentry","category-noticias","category-secretaria-municipal-de-educacao-e-cultura"],"aioseo_notices":[],"_links":{"self":[{"href":"https:\/\/prefeitura.santarosa.rs.gov.br\/index.php?rest_route=\/wp\/v2\/posts\/257","targetHints":{"allow":["GET"]}}],"collection":[{"href":"https:\/\/prefeitura.santarosa.rs.gov.br\/index.php?rest_route=\/wp\/v2\/posts"}],"about":[{"href":"https:\/\/prefeitura.santarosa.rs.gov.br\/index.php?rest_route=\/wp\/v2\/types\/post"}],"author":[{"embeddable":true,"href":"https:\/\/prefeitura.santarosa.rs.gov.br\/index.php?rest_route=\/wp\/v2\/users\/3"}],"replies":[{"embeddable":true,"href":"https:\/\/prefeitura.santarosa.rs.gov.br\/index.php?rest_route=%2Fwp%2Fv2%2Fcomments&post=257"}],"version-history":[{"count":1,"href":"https:\/\/prefeitura.santarosa.rs.gov.br\/index.php?rest_route=\/wp\/v2\/posts\/257\/revisions"}],"predecessor-version":[{"id":261,"href":"https:\/\/prefeitura.santarosa.rs.gov.br\/index.php?rest_route=\/wp\/v2\/posts\/257\/revisions\/261"}],"wp:featuredmedia":[{"embeddable":true,"href":"https:\/\/prefeitura.santarosa.rs.gov.br\/index.php?rest_route=\/wp\/v2\/media\/260"}],"wp:attachment":[{"href":"https:\/\/prefeitura.santarosa.rs.gov.br\/index.php?rest_route=%2Fwp%2Fv2%2Fmedia&parent=257"}],"wp:term":[{"taxonomy":"category","embeddable":true,"href":"https:\/\/prefeitura.santarosa.rs.gov.br\/index.php?rest_route=%2Fwp%2Fv2%2Fcategories&post=257"},{"taxonomy":"post_tag","embeddable":true,"href":"https:\/\/prefeitura.santarosa.rs.gov.br\/index.php?rest_route=%2Fwp%2Fv2%2Ftags&post=257"}],"curies":[{"name":"wp","href":"https:\/\/api.w.org\/{rel}","templated":true}]}}