{"id":248,"date":"2021-10-27T17:37:00","date_gmt":"2021-10-27T20:37:00","guid":{"rendered":"https:\/\/prefeitura.santarosa.rs.gov.br\/?p=248"},"modified":"2024-10-07T09:54:43","modified_gmt":"2024-10-07T12:54:43","slug":"feira-do-livro-foi-um-sucesso","status":"publish","type":"post","link":"https:\/\/prefeitura.santarosa.rs.gov.br\/?p=248","title":{"rendered":"Feira do Livro foi um sucesso"},"content":{"rendered":"\n<p>Ao todo foram 12 livreiros, com destaque aos escritores locais que tamb\u00e9m tiveram uma banca.<\/p>\n\n\n\n<p>O primeiro evento no Centro Cultural Fioravante Pedrazani foi um sucesso. A comunidade que visitou a Feira do Livro aprovou a iniciativa. O evento contou com mais de R$ 80 mil em vale livro distribu\u00eddos para estudantes e professores da rede municipal. Esse investimento \u00e9 custeado pelo munic\u00edpio.<\/p>\n\n\n\n<p>Ao todo foram 12 livreiros, com destaque aos escritores locais que tamb\u00e9m tiveram uma banca.<br>A metade dos espa\u00e7os estava reservado para empresas santa-rosenses, que foi outra inova\u00e7\u00e3o proposta pela Prefeitura. Para Lires Zimmermann, Secret\u00e1ria de Educa\u00e7\u00e3o, \u201cTodos se mostraram felizes com a Feira, fizemos uma avalia\u00e7\u00e3o com os livreiros, dos quais obtivemos \u00f3timos retornos\u201d. Tamb\u00e9m n\u00e3o faltaram elogios ao patrono Justino Girardi com seu show de conhecimento e \u00e0 D\u00e9bora Rodrigues com seu carisma e desenvoltura. Durante a Feira, 27 livros foram lan\u00e7ados, de autores locais ou regionais.<\/p>\n","protected":false},"excerpt":{"rendered":"<p>Ao todo foram 12 livreiros, com destaque aos escritores locais que tamb\u00e9m tiveram uma banca. O primeiro evento no Centro<\/p>\n","protected":false},"author":3,"featured_media":250,"comment_status":"open","ping_status":"open","sticky":false,"template":"","format":"standard","meta":{"footnotes":""},"categories":[4,18],"tags":[],"class_list":["post-248","post","type-post","status-publish","format-standard","has-post-thumbnail","hentry","category-noticias","category-secretaria-municipal-de-educacao-e-cultura"],"aioseo_notices":[],"_links":{"self":[{"href":"https:\/\/prefeitura.santarosa.rs.gov.br\/index.php?rest_route=\/wp\/v2\/posts\/248","targetHints":{"allow":["GET"]}}],"collection":[{"href":"https:\/\/prefeitura.santarosa.rs.gov.br\/index.php?rest_route=\/wp\/v2\/posts"}],"about":[{"href":"https:\/\/prefeitura.santarosa.rs.gov.br\/index.php?rest_route=\/wp\/v2\/types\/post"}],"author":[{"embeddable":true,"href":"https:\/\/prefeitura.santarosa.rs.gov.br\/index.php?rest_route=\/wp\/v2\/users\/3"}],"replies":[{"embeddable":true,"href":"https:\/\/prefeitura.santarosa.rs.gov.br\/index.php?rest_route=%2Fwp%2Fv2%2Fcomments&post=248"}],"version-history":[{"count":1,"href":"https:\/\/prefeitura.santarosa.rs.gov.br\/index.php?rest_route=\/wp\/v2\/posts\/248\/revisions"}],"predecessor-version":[{"id":251,"href":"https:\/\/prefeitura.santarosa.rs.gov.br\/index.php?rest_route=\/wp\/v2\/posts\/248\/revisions\/251"}],"wp:featuredmedia":[{"embeddable":true,"href":"https:\/\/prefeitura.santarosa.rs.gov.br\/index.php?rest_route=\/wp\/v2\/media\/250"}],"wp:attachment":[{"href":"https:\/\/prefeitura.santarosa.rs.gov.br\/index.php?rest_route=%2Fwp%2Fv2%2Fmedia&parent=248"}],"wp:term":[{"taxonomy":"category","embeddable":true,"href":"https:\/\/prefeitura.santarosa.rs.gov.br\/index.php?rest_route=%2Fwp%2Fv2%2Fcategories&post=248"},{"taxonomy":"post_tag","embeddable":true,"href":"https:\/\/prefeitura.santarosa.rs.gov.br\/index.php?rest_route=%2Fwp%2Fv2%2Ftags&post=248"}],"curies":[{"name":"wp","href":"https:\/\/api.w.org\/{rel}","templated":true}]}}