{"id":220,"date":"2021-11-12T08:00:00","date_gmt":"2021-11-12T11:00:00","guid":{"rendered":"https:\/\/prefeitura.santarosa.rs.gov.br\/?p=220"},"modified":"2024-10-07T09:54:42","modified_gmt":"2024-10-07T12:54:42","slug":"escola-civico-militar-cel-raul-oliveira-recebe-monitores-da-brigada","status":"publish","type":"post","link":"https:\/\/prefeitura.santarosa.rs.gov.br\/?p=220","title":{"rendered":"Escola C\u00edvico-Militar Cel. Raul Oliveira recebe monitores da Brigada"},"content":{"rendered":"\n<p>Atrav\u00e9s do decreto municipal n\u00ba134, foram encaminhados cinco monitores para a localidade.<br>Nesta semana, a Prefeitura, atrav\u00e9s da Secretaria de Educa\u00e7\u00e3o, realizou um ato festivo na EMEF Cel. Raul Oliveira. O objetivo foi marcar o in\u00edcio do trabalho dos monitores na escola. Atrav\u00e9s do decreto municipal n\u00ba134, foram encaminhados cinco monitores para a localidade.<br>O ato contou com a presen\u00e7a do Tenente Coronel Zucco, Deputado Estadual, autor do projeto de Lei n\u00ba 072, que criou as escolas c\u00edvico-militares. Tamb\u00e9m participaram da atividade o vice-prefeito Aldemir Ulrich, a Secret\u00e1ria Lires Zimmermann F\u00fchr, a Major Vanessa Peripoli e v\u00e1rios prefeitos e secret\u00e1rios de Educa\u00e7\u00e3o da regi\u00e3o. Um grupo de cinco monitores da Brigada Militar, passa a partir desta semana a atuar na escola. O prop\u00f3sito \u00e9 de auxiliar a dire\u00e7\u00e3o na condu\u00e7\u00e3o do trabalho de forma\u00e7\u00e3o de valores morais, \u00e9tica, respeito \u00e0 fam\u00edlia e aos professores, cidadania, disciplina, patriotismo, responsabilidade, entre outros.<br>A atua\u00e7\u00e3o dos monitores fica restrita para as atividades fora da sala de aula. S\u00e3o os monitores: Ten. Claudino Aur\u00e9lio, Ten. Alberi Zimmermann, Tenente Valzemir de Lima Brasil, Sargento Marli Maristela Linke e Sargento Sandro Oliveira. Todos cumprir\u00e3o um regime de trabalho de 40 horas semanais na escola. \u201cCom esse modelo de escola, oferecemos para essas crian\u00e7as uma modalidade de educa\u00e7\u00e3o proporcionando o desenvolvimento integral do aluno, a prepara\u00e7\u00e3o para o exerc\u00edcio da cidadania, baseado na constru\u00e7\u00e3o de valores e no patriotismo. Cabe destacar que no ato da matr\u00edcula, os pais t\u00eam que assinar um termo de responsabilidade, assumindo o compromisso de respeitar e seguir as normas estabelecidas\u201d, destaca a Secret\u00e1ria Lires Zimmermann. Ser\u00e1 parte da rotina di\u00e1ria dos alunos algumas a\u00e7\u00f5es antes de come\u00e7ar as aulas, incluindo cantar o hino nacional diariamente.<\/p>\n","protected":false},"excerpt":{"rendered":"<p>Atrav\u00e9s do decreto municipal n\u00ba134, foram encaminhados cinco monitores para a localidade.Nesta semana, a Prefeitura, atrav\u00e9s da Secretaria de Educa\u00e7\u00e3o,<\/p>\n","protected":false},"author":3,"featured_media":221,"comment_status":"open","ping_status":"open","sticky":false,"template":"","format":"standard","meta":{"footnotes":""},"categories":[4,18],"tags":[],"class_list":["post-220","post","type-post","status-publish","format-standard","has-post-thumbnail","hentry","category-noticias","category-secretaria-municipal-de-educacao-e-cultura"],"aioseo_notices":[],"_links":{"self":[{"href":"https:\/\/prefeitura.santarosa.rs.gov.br\/index.php?rest_route=\/wp\/v2\/posts\/220","targetHints":{"allow":["GET"]}}],"collection":[{"href":"https:\/\/prefeitura.santarosa.rs.gov.br\/index.php?rest_route=\/wp\/v2\/posts"}],"about":[{"href":"https:\/\/prefeitura.santarosa.rs.gov.br\/index.php?rest_route=\/wp\/v2\/types\/post"}],"author":[{"embeddable":true,"href":"https:\/\/prefeitura.santarosa.rs.gov.br\/index.php?rest_route=\/wp\/v2\/users\/3"}],"replies":[{"embeddable":true,"href":"https:\/\/prefeitura.santarosa.rs.gov.br\/index.php?rest_route=%2Fwp%2Fv2%2Fcomments&post=220"}],"version-history":[{"count":1,"href":"https:\/\/prefeitura.santarosa.rs.gov.br\/index.php?rest_route=\/wp\/v2\/posts\/220\/revisions"}],"predecessor-version":[{"id":222,"href":"https:\/\/prefeitura.santarosa.rs.gov.br\/index.php?rest_route=\/wp\/v2\/posts\/220\/revisions\/222"}],"wp:featuredmedia":[{"embeddable":true,"href":"https:\/\/prefeitura.santarosa.rs.gov.br\/index.php?rest_route=\/wp\/v2\/media\/221"}],"wp:attachment":[{"href":"https:\/\/prefeitura.santarosa.rs.gov.br\/index.php?rest_route=%2Fwp%2Fv2%2Fmedia&parent=220"}],"wp:term":[{"taxonomy":"category","embeddable":true,"href":"https:\/\/prefeitura.santarosa.rs.gov.br\/index.php?rest_route=%2Fwp%2Fv2%2Fcategories&post=220"},{"taxonomy":"post_tag","embeddable":true,"href":"https:\/\/prefeitura.santarosa.rs.gov.br\/index.php?rest_route=%2Fwp%2Fv2%2Ftags&post=220"}],"curies":[{"name":"wp","href":"https:\/\/api.w.org\/{rel}","templated":true}]}}