{"id":1956,"date":"2022-01-12T16:05:00","date_gmt":"2022-01-12T19:05:00","guid":{"rendered":"https:\/\/prefeitura.santarosa.rs.gov.br\/?p=1956"},"modified":"2024-10-07T09:54:40","modified_gmt":"2024-10-07T12:54:40","slug":"inscricao-para-central-de-vagas-na-educacao-infantil","status":"publish","type":"post","link":"https:\/\/prefeitura.santarosa.rs.gov.br\/?p=1956","title":{"rendered":"Inscri\u00e7\u00e3o para central de vagas na Educa\u00e7\u00e3o Infantil"},"content":{"rendered":"\n<p>As inscri\u00e7\u00f5es ser\u00e3o realizadas no sistema Educarweb, atrav\u00e9s de cadastro online, que ser\u00e1 disponibilizado atrav\u00e9s de link, no site da Prefeitura.<\/p>\n\n\n\n<p>A Secretaria de Educa\u00e7\u00e3o est\u00e1 com as inscri\u00e7\u00f5es abertas referente as vagas da Rede Municipal de Ensino nas Escolas de Educa\u00e7\u00e3o Infantil. As vagas s\u00e3o para o ano de 2022. Os crit\u00e9rios e procedimentos est\u00e3o estabelecidos em um edital a ser divulgado no site da Prefeitura no dia 17\/01.<br><br>As inscri\u00e7\u00f5es ser\u00e3o realizadas no sistema Educarweb, atrav\u00e9s de cadastro online, que ser\u00e1 disponibilizado atrav\u00e9s de link, no site da Prefeitura. Quem optar por realizar de forma presencial pode entrar em contato com a secretaria de Educa\u00e7\u00e3o, na Prefeitura, sendo que a partir de fevereiro este atendimento ser\u00e1 apenas nas ter\u00e7as e quintas-feiras. As EMEIS retornam com atendimento presencial no dia 07 de fevereiro para crian\u00e7as j\u00e1 matriculadas e que frequentaram o atendimento no ano de 2021. As novas inscri\u00e7\u00f5es e atualiza\u00e7\u00e3o das inscri\u00e7\u00f5es j\u00e1 realizadas devem ocorrer a partir de 17 de janeiro. A sele\u00e7\u00e3o das primeiras novas matr\u00edculas para as vagas em aberto, conforme classifica\u00e7\u00e3o na Central de Vagas vai ocorrer no dia 14 de fevereiro.<br><br>Confira algumas regras do processo:<br><br>&#8211; A fam\u00edlia pode escolher 3 escolas para concorrer a vaga;<br><br>&#8211; Nas situa\u00e7\u00f5es em que ficar comprovado o preenchimento de mais de uma ficha de cadastro ser\u00e1 considerada v\u00e1lida a primeira inscri\u00e7\u00e3o recebida pelo sistema Educarweb;<br><br>&#8211; Ter\u00e3o direito a concorrer \u00e0s vagas as fam\u00edlias que comprovadamente residam na cidade de Santa Rosa;<br><br>&#8211; Para o ingresso na Educa\u00e7\u00e3o Infantil levar-se-\u00e1 em considera\u00e7\u00e3o a idade m\u00ednima de 4 (quatro) meses;<br><br>&#8211; Ser\u00e1 de exclusiva responsabilidade dos pais e\/ou respons\u00e1veis legais pela crian\u00e7a, as informa\u00e7\u00f5es prestadas, como tamb\u00e9m, o correto preenchimento, atualiza\u00e7\u00e3o do cadastro e posterior comprova\u00e7\u00e3o dos dados informados;<br><br>&#8211; O turno (parcial tarde, parcial manh\u00e3 ou integral) somente ser\u00e1 definido no momento da matr\u00edcula conforme disponibilidade na turma\/turno e situa\u00e7\u00e3o familiar;<br><br>&#8211; A vaga somente ser\u00e1 efetivada quando os pais ou respons\u00e1veis legais apresentarem toda a documenta\u00e7\u00e3o, informada no cadastro, junto a SMEC. Ap\u00f3s, a fam\u00edlia ser\u00e1 encaminhada para a realiza\u00e7\u00e3o da matr\u00edcula na EMEI;<br><br>&#8211; Caso a fam\u00edlia n\u00e3o aceitar a vaga em turno e escola selecionada, a crian\u00e7a permanecer\u00e1 na lista de espera das outras 2 (duas) escolas tidas como op\u00e7\u00e3o na realiza\u00e7\u00e3o do cadastro;<br><br>&#8211; O cadastro realizado a partir deste edital n\u00e3o \u00e9 uma garantia de vaga, entretanto \u00e9 atrav\u00e9s destes cadastros, conforme os crit\u00e9rios e pontua\u00e7\u00e3o estabelecidos que as vagas ser\u00e3o disponibilizadas.<br><br>&#8211; As fam\u00edlias podem acompanhar a classifica\u00e7\u00e3o nas 3 escolas selecionadas atrav\u00e9s do n\u00famero do protocolo gerado no momento da inscri\u00e7\u00e3o, no mesmo link dispon\u00edvel no site da Prefeitura.<br><br>&#8211; As inscri\u00e7\u00f5es e atualiza\u00e7\u00e3o das inscri\u00e7\u00f5es j\u00e1 realizadas podem ser feitas at\u00e9 dia 14\/02, quando ser\u00e1 disponibilizado o primeiro lote de vagas para posterior matr\u00edcula.<br><br>&#8211; Quem j\u00e1 havia realizado anteriormente a inscri\u00e7\u00e3o na Prefeitura, para a &#8220;Lista de Espera&#8221; tamb\u00e9m deve realizar esta nova inscri\u00e7\u00e3o.<\/p>\n","protected":false},"excerpt":{"rendered":"<p>As inscri\u00e7\u00f5es ser\u00e3o realizadas no sistema Educarweb, atrav\u00e9s de cadastro online, que ser\u00e1 disponibilizado atrav\u00e9s de link, no site da<\/p>\n","protected":false},"author":3,"featured_media":1957,"comment_status":"open","ping_status":"open","sticky":false,"template":"","format":"standard","meta":{"footnotes":""},"categories":[4,18],"tags":[],"class_list":["post-1956","post","type-post","status-publish","format-standard","has-post-thumbnail","hentry","category-noticias","category-secretaria-municipal-de-educacao-e-cultura"],"aioseo_notices":[],"_links":{"self":[{"href":"https:\/\/prefeitura.santarosa.rs.gov.br\/index.php?rest_route=\/wp\/v2\/posts\/1956","targetHints":{"allow":["GET"]}}],"collection":[{"href":"https:\/\/prefeitura.santarosa.rs.gov.br\/index.php?rest_route=\/wp\/v2\/posts"}],"about":[{"href":"https:\/\/prefeitura.santarosa.rs.gov.br\/index.php?rest_route=\/wp\/v2\/types\/post"}],"author":[{"embeddable":true,"href":"https:\/\/prefeitura.santarosa.rs.gov.br\/index.php?rest_route=\/wp\/v2\/users\/3"}],"replies":[{"embeddable":true,"href":"https:\/\/prefeitura.santarosa.rs.gov.br\/index.php?rest_route=%2Fwp%2Fv2%2Fcomments&post=1956"}],"version-history":[{"count":1,"href":"https:\/\/prefeitura.santarosa.rs.gov.br\/index.php?rest_route=\/wp\/v2\/posts\/1956\/revisions"}],"predecessor-version":[{"id":1958,"href":"https:\/\/prefeitura.santarosa.rs.gov.br\/index.php?rest_route=\/wp\/v2\/posts\/1956\/revisions\/1958"}],"wp:featuredmedia":[{"embeddable":true,"href":"https:\/\/prefeitura.santarosa.rs.gov.br\/index.php?rest_route=\/wp\/v2\/media\/1957"}],"wp:attachment":[{"href":"https:\/\/prefeitura.santarosa.rs.gov.br\/index.php?rest_route=%2Fwp%2Fv2%2Fmedia&parent=1956"}],"wp:term":[{"taxonomy":"category","embeddable":true,"href":"https:\/\/prefeitura.santarosa.rs.gov.br\/index.php?rest_route=%2Fwp%2Fv2%2Fcategories&post=1956"},{"taxonomy":"post_tag","embeddable":true,"href":"https:\/\/prefeitura.santarosa.rs.gov.br\/index.php?rest_route=%2Fwp%2Fv2%2Ftags&post=1956"}],"curies":[{"name":"wp","href":"https:\/\/api.w.org\/{rel}","templated":true}]}}