{"id":1911,"date":"2022-01-06T11:37:00","date_gmt":"2022-01-06T14:37:00","guid":{"rendered":"https:\/\/prefeitura.santarosa.rs.gov.br\/?p=1911"},"modified":"2024-10-07T09:54:41","modified_gmt":"2024-10-07T12:54:41","slug":"e-m-e-i-sonho-infantil-vai-ser-reformada","status":"publish","type":"post","link":"https:\/\/prefeitura.santarosa.rs.gov.br\/?p=1911","title":{"rendered":"E.M.E.I Sonho Infantil vai ser reformada"},"content":{"rendered":"\n<p>A educa\u00e7\u00e3o tem previs\u00e3o de diversas melhorias. Para isso, mais uma importante ordem de in\u00edcio foi assinada.<\/p>\n\n\n\n<p>O ano de 2022 promete ser hist\u00f3rico para Santa Rosa. Muitas obras v\u00e3o ser realizadas neste ano e devem mudar o cen\u00e1rio local. A educa\u00e7\u00e3o tem previs\u00e3o de diversas melhorias. Para isso, mais uma importante ordem de in\u00edcio foi assinada. A Prefeitura autorizou a reforma na Escola Municipal de Ensino Inicial Sonho Infantil.<br><br>Representantes das Secretarias de Educa\u00e7\u00e3o e Planejamento realizaram uma visita na escola. Ser\u00e1 realizada a reforma da cobertura e adequa\u00e7\u00f5es em duas salas do local. A Secret\u00e1ria Lires Zimmermann F\u00fchr, destacou a import\u00e2ncia da reforma para qualificar a estrutura f\u00edsica da escola, \u201cNesse pr\u00e9dio funcionava anteriormente, a E.M.E.F Paul Harris, hoje a E.M.E.I Sonho Infantil \u00e9 quem ocupa o espa\u00e7o e atende ao todo 270 alunos. Ver essa obra acontecer me deixa muito feliz, pois nosso objetivo \u00e9 proporcionar escolas qualificadas, tanto no ensino, quanto na infraestrutura\u201d.<br><br>O prazo para execu\u00e7\u00e3o da obra \u00e9 de 120 dias. O valor investido \u00e9 de R$ 402.081,45 (quatrocentos e dois mil, oitenta e um reais e quarenta e cinco centavos). A empresa respons\u00e1vel pela obra \u00e9 a Casaclima Servi\u00e7os El\u00e9tricos e Constru\u00e7\u00f5es Eireli. O profissional que vai fiscalizar a obra \u00e9 o Engenheiro Civil, Guilherme Eduardo Riffel.<\/p>\n","protected":false},"excerpt":{"rendered":"<p>A educa\u00e7\u00e3o tem previs\u00e3o de diversas melhorias. Para isso, mais uma importante ordem de in\u00edcio foi assinada. O ano de<\/p>\n","protected":false},"author":3,"featured_media":1912,"comment_status":"open","ping_status":"open","sticky":false,"template":"","format":"standard","meta":{"footnotes":""},"categories":[4,18],"tags":[],"class_list":["post-1911","post","type-post","status-publish","format-standard","has-post-thumbnail","hentry","category-noticias","category-secretaria-municipal-de-educacao-e-cultura"],"aioseo_notices":[],"_links":{"self":[{"href":"https:\/\/prefeitura.santarosa.rs.gov.br\/index.php?rest_route=\/wp\/v2\/posts\/1911","targetHints":{"allow":["GET"]}}],"collection":[{"href":"https:\/\/prefeitura.santarosa.rs.gov.br\/index.php?rest_route=\/wp\/v2\/posts"}],"about":[{"href":"https:\/\/prefeitura.santarosa.rs.gov.br\/index.php?rest_route=\/wp\/v2\/types\/post"}],"author":[{"embeddable":true,"href":"https:\/\/prefeitura.santarosa.rs.gov.br\/index.php?rest_route=\/wp\/v2\/users\/3"}],"replies":[{"embeddable":true,"href":"https:\/\/prefeitura.santarosa.rs.gov.br\/index.php?rest_route=%2Fwp%2Fv2%2Fcomments&post=1911"}],"version-history":[{"count":1,"href":"https:\/\/prefeitura.santarosa.rs.gov.br\/index.php?rest_route=\/wp\/v2\/posts\/1911\/revisions"}],"predecessor-version":[{"id":1913,"href":"https:\/\/prefeitura.santarosa.rs.gov.br\/index.php?rest_route=\/wp\/v2\/posts\/1911\/revisions\/1913"}],"wp:featuredmedia":[{"embeddable":true,"href":"https:\/\/prefeitura.santarosa.rs.gov.br\/index.php?rest_route=\/wp\/v2\/media\/1912"}],"wp:attachment":[{"href":"https:\/\/prefeitura.santarosa.rs.gov.br\/index.php?rest_route=%2Fwp%2Fv2%2Fmedia&parent=1911"}],"wp:term":[{"taxonomy":"category","embeddable":true,"href":"https:\/\/prefeitura.santarosa.rs.gov.br\/index.php?rest_route=%2Fwp%2Fv2%2Fcategories&post=1911"},{"taxonomy":"post_tag","embeddable":true,"href":"https:\/\/prefeitura.santarosa.rs.gov.br\/index.php?rest_route=%2Fwp%2Fv2%2Ftags&post=1911"}],"curies":[{"name":"wp","href":"https:\/\/api.w.org\/{rel}","templated":true}]}}