{"id":1895,"date":"2022-01-03T15:40:00","date_gmt":"2022-01-03T18:40:00","guid":{"rendered":"https:\/\/prefeitura.santarosa.rs.gov.br\/?p=1895"},"modified":"2024-10-07T09:54:41","modified_gmt":"2024-10-07T12:54:41","slug":"central-de-vacinas-realizou-1-522-doses-contra-a-covid-19-na-ultima-semana-de-2021","status":"publish","type":"post","link":"https:\/\/prefeitura.santarosa.rs.gov.br\/?p=1895","title":{"rendered":"Central de Vacinas realizou 1.522 doses contra a COVID-19 na \u00faltima semana de 2021"},"content":{"rendered":"\n<p>O atendimento retornou nesta segunda-feira (03).<\/p>\n\n\n\n<p>A Funda\u00e7\u00e3o Municipal de Sa\u00fade de Santa Rosa informa que na \u00faltima semana do ano de 2021, foram realizadas na Central de Vacinas, 1.522 doses contra a COVID-19, uma m\u00e9dia de 380 aplica\u00e7\u00f5es por dia. Do total, 27 imuniza\u00e7\u00f5es foram de primeira dose (D1), 333 de segunda dose (D2) e 1.162 de dose de refor\u00e7o (DR). O atendimento retornou nesta segunda-feira (03).<\/p>\n\n\n\n<p>A Central de Vacinas da FUMSSAR fica localizada na Rua Dr. Francisco Timm, 480, centro, subsolo (entrada pela lateral). S\u00e3o realizadas todas as doses: dose um (D1), dose dois (D2) e a dose de refor\u00e7o (DR), de segunda \u00e0 sexta-feira, das 07h30 \u00e0s 11h00 e das 13h30 \u00e0s 17h00. Podem se vacinar com primeira dose (D1), pessoas a partir dos 12 anos. A segunda dose (D2), de Coronavac \u00e9 realizada ap\u00f3s 28 dias da primeira dose. Astrazeneca e Pfizer, ap\u00f3s oito semanas da primeira aplica\u00e7\u00e3o. As doses de refor\u00e7o (DR), est\u00e3o dispon\u00edveis para pessoas acima de 18 anos, que realizaram a segunda dose h\u00e1 04 meses. No caso do imunizante da Janssen, a Dose de Refor\u00e7o \u00e9 realizada com um intervalo de 2 a 6 meses ap\u00f3s a primeira aplica\u00e7\u00e3o. Os moradores de Santa Rosa que forem se vacinar precisam levar documento com foto, CPF, cart\u00e3o SUS e a caderneta de vacina\u00e7\u00e3o. Os jovens a partir de 14 anos, precisam ir acompanhados dos pais ou respons\u00e1vel legal.<\/p>\n","protected":false},"excerpt":{"rendered":"<p>O atendimento retornou nesta segunda-feira (03). A Funda\u00e7\u00e3o Municipal de Sa\u00fade de Santa Rosa informa que na \u00faltima semana do<\/p>\n","protected":false},"author":3,"featured_media":1896,"comment_status":"open","ping_status":"open","sticky":false,"template":"","format":"standard","meta":{"footnotes":""},"categories":[6,4,8],"tags":[],"class_list":["post-1895","post","type-post","status-publish","format-standard","has-post-thumbnail","hentry","category-covid-19","category-noticias","category-noticias-fumssar"],"aioseo_notices":[],"_links":{"self":[{"href":"https:\/\/prefeitura.santarosa.rs.gov.br\/index.php?rest_route=\/wp\/v2\/posts\/1895","targetHints":{"allow":["GET"]}}],"collection":[{"href":"https:\/\/prefeitura.santarosa.rs.gov.br\/index.php?rest_route=\/wp\/v2\/posts"}],"about":[{"href":"https:\/\/prefeitura.santarosa.rs.gov.br\/index.php?rest_route=\/wp\/v2\/types\/post"}],"author":[{"embeddable":true,"href":"https:\/\/prefeitura.santarosa.rs.gov.br\/index.php?rest_route=\/wp\/v2\/users\/3"}],"replies":[{"embeddable":true,"href":"https:\/\/prefeitura.santarosa.rs.gov.br\/index.php?rest_route=%2Fwp%2Fv2%2Fcomments&post=1895"}],"version-history":[{"count":1,"href":"https:\/\/prefeitura.santarosa.rs.gov.br\/index.php?rest_route=\/wp\/v2\/posts\/1895\/revisions"}],"predecessor-version":[{"id":1897,"href":"https:\/\/prefeitura.santarosa.rs.gov.br\/index.php?rest_route=\/wp\/v2\/posts\/1895\/revisions\/1897"}],"wp:featuredmedia":[{"embeddable":true,"href":"https:\/\/prefeitura.santarosa.rs.gov.br\/index.php?rest_route=\/wp\/v2\/media\/1896"}],"wp:attachment":[{"href":"https:\/\/prefeitura.santarosa.rs.gov.br\/index.php?rest_route=%2Fwp%2Fv2%2Fmedia&parent=1895"}],"wp:term":[{"taxonomy":"category","embeddable":true,"href":"https:\/\/prefeitura.santarosa.rs.gov.br\/index.php?rest_route=%2Fwp%2Fv2%2Fcategories&post=1895"},{"taxonomy":"post_tag","embeddable":true,"href":"https:\/\/prefeitura.santarosa.rs.gov.br\/index.php?rest_route=%2Fwp%2Fv2%2Ftags&post=1895"}],"curies":[{"name":"wp","href":"https:\/\/api.w.org\/{rel}","templated":true}]}}