{"id":1868,"date":"2021-01-12T15:29:00","date_gmt":"2021-01-12T18:29:00","guid":{"rendered":"https:\/\/prefeitura.santarosa.rs.gov.br\/?p=1868"},"modified":"2024-10-07T09:55:16","modified_gmt":"2024-10-07T12:55:16","slug":"nova-industria-de-implementos-agricolas-em-santa-rosa","status":"publish","type":"post","link":"https:\/\/prefeitura.santarosa.rs.gov.br\/?p=1868","title":{"rendered":"Nova Ind\u00fastria de implementos agr\u00edcolas em Santa Rosa"},"content":{"rendered":"\n<p>O prefeito Anderson Mantei recebeu um representante da Ind\u00fastria de Implementos Agr\u00edcolas Stara.<\/p>\n\n\n\n<p>O prefeito Anderson Mantei recebeu um representante da Ind\u00fastria de Implementos Agr\u00edcolas Stara. A reuni\u00e3o ocorreu no Gabinete e teve como objetivo tratar dos andamentos da implanta\u00e7\u00e3o da empresa no munic\u00edpio. A expectativa \u00e9 que mais de 350 empregos sejam oportunizados na f\u00e1brica de Santa Rosa.<\/p>\n\n\n\n<p>O Gerente F\u00e1bio Silva, visitou o prefeito para atualizar sobre a nova ind\u00fastria. Na oportunidade, ele mostrou como est\u00e3o os andamentos do licenciamento ambiental que est\u00e1 a cargo do estado. A inten\u00e7\u00e3o da empresa \u00e9 j\u00e1 tramitar tamb\u00e9m o alvar\u00e1, para que assim, possa dar in\u00edcio a obra, \u201cSomos uma empresa din\u00e2mica que busca sempre se antecipar as necessidades do meio rural, por isso, investimos muito em m\u00e1quinas agr\u00edcolas com tecnologia de ponta. Aqui queremos fomentar ainda mais o desenvolvimento\u201d. F\u00e1bio destacou ainda que a inten\u00e7\u00e3o \u00e9 que a obra ocorra nesse ano.<\/p>\n\n\n\n<p>Durante a reuni\u00e3o que contou com a presen\u00e7a do Secret\u00e1rio de Planejamento, Claudio Franke e do Secret\u00e1rio de Desenvolvimento Econ\u00f4mico, Odaylson Eder, Anderson Mantei se colocou \u00e0 disposi\u00e7\u00e3o para auxiliar no que for preciso para que logo a empresa possa estar instalada em Santa Rosa, \u201cQueremos desenvolver ainda mais nossa cidade, e um dos pontos chaves para isso, \u00e9 a gera\u00e7\u00e3o de empregos. Estamos em busca de novas parcerias com empresas, e vamos com certeza, trabalhar muito para que o munic\u00edpio possa receber novos investimentos\u201d. F\u00e1bio comentou tamb\u00e9m que j\u00e1 est\u00e1 em andamento a contrata\u00e7\u00e3o da empresa que far\u00e1 a constru\u00e7\u00e3o. A partir do in\u00edcio da obra, que deve ocorrer ainda esse ano, a expectativa \u00e9 que a Stara esteja em funcionamento em 10 meses.<\/p>\n","protected":false},"excerpt":{"rendered":"<p>O prefeito Anderson Mantei recebeu um representante da Ind\u00fastria de Implementos Agr\u00edcolas Stara. O prefeito Anderson Mantei recebeu um representante<\/p>\n","protected":false},"author":3,"featured_media":1869,"comment_status":"open","ping_status":"open","sticky":false,"template":"","format":"standard","meta":{"footnotes":""},"categories":[4,16],"tags":[],"class_list":["post-1868","post","type-post","status-publish","format-standard","has-post-thumbnail","hentry","category-noticias","category-secretaria-municipal-de-desenvolvimento-economico-turismo-e-tecnologia"],"aioseo_notices":[],"_links":{"self":[{"href":"https:\/\/prefeitura.santarosa.rs.gov.br\/index.php?rest_route=\/wp\/v2\/posts\/1868","targetHints":{"allow":["GET"]}}],"collection":[{"href":"https:\/\/prefeitura.santarosa.rs.gov.br\/index.php?rest_route=\/wp\/v2\/posts"}],"about":[{"href":"https:\/\/prefeitura.santarosa.rs.gov.br\/index.php?rest_route=\/wp\/v2\/types\/post"}],"author":[{"embeddable":true,"href":"https:\/\/prefeitura.santarosa.rs.gov.br\/index.php?rest_route=\/wp\/v2\/users\/3"}],"replies":[{"embeddable":true,"href":"https:\/\/prefeitura.santarosa.rs.gov.br\/index.php?rest_route=%2Fwp%2Fv2%2Fcomments&post=1868"}],"version-history":[{"count":1,"href":"https:\/\/prefeitura.santarosa.rs.gov.br\/index.php?rest_route=\/wp\/v2\/posts\/1868\/revisions"}],"predecessor-version":[{"id":1870,"href":"https:\/\/prefeitura.santarosa.rs.gov.br\/index.php?rest_route=\/wp\/v2\/posts\/1868\/revisions\/1870"}],"wp:featuredmedia":[{"embeddable":true,"href":"https:\/\/prefeitura.santarosa.rs.gov.br\/index.php?rest_route=\/wp\/v2\/media\/1869"}],"wp:attachment":[{"href":"https:\/\/prefeitura.santarosa.rs.gov.br\/index.php?rest_route=%2Fwp%2Fv2%2Fmedia&parent=1868"}],"wp:term":[{"taxonomy":"category","embeddable":true,"href":"https:\/\/prefeitura.santarosa.rs.gov.br\/index.php?rest_route=%2Fwp%2Fv2%2Fcategories&post=1868"},{"taxonomy":"post_tag","embeddable":true,"href":"https:\/\/prefeitura.santarosa.rs.gov.br\/index.php?rest_route=%2Fwp%2Fv2%2Ftags&post=1868"}],"curies":[{"name":"wp","href":"https:\/\/api.w.org\/{rel}","templated":true}]}}