{"id":1856,"date":"2021-01-20T15:08:00","date_gmt":"2021-01-20T18:08:00","guid":{"rendered":"https:\/\/prefeitura.santarosa.rs.gov.br\/?p=1856"},"modified":"2024-10-07T09:55:16","modified_gmt":"2024-10-07T12:55:16","slug":"novo-medico-legista-e-prioridade-para-anderson","status":"publish","type":"post","link":"https:\/\/prefeitura.santarosa.rs.gov.br\/?p=1856","title":{"rendered":"Novo M\u00e9dico Legista \u00e9 prioridade para Anderson"},"content":{"rendered":"\n<p>Ter mais um m\u00e9dico legista em Santa Rosa \u00e9 uma das pautas priorit\u00e1rias do Prefeito Anderson Mantei.<\/p>\n\n\n\n<p>Ter mais um m\u00e9dico legista em Santa Rosa \u00e9 uma das pautas priorit\u00e1rias do Prefeito Anderson Mantei. Durante os primeiros dias do ano ele j\u00e1 fez diversas reuni\u00f5es e contatos buscando agilizar essa car\u00eancia do munic\u00edpio. Nesta semana, durante viagem a Porto alegre, Anderson esteve no Instituto Geral de Per\u00edcias, na Secretaria Estadual de Seguran\u00e7a P\u00fablica para tratar desse assunto.<\/p>\n\n\n\n<p>Em reuni\u00e3o com a Diretora Geral, Marquet Hoffmann Mittmann, Anderson refor\u00e7ou a urgente necessidade de mais um M\u00e9dico Legista para Santa Rosa, \u201cA falta de um m\u00e9dico em Santa rosa \u00e9 uma pauta extremamente importante e que vou buscar fazer de tudo para agilizar essa nomea\u00e7\u00e3o, n\u00e3o podemos mais deixar as fam\u00edlias que j\u00e1 est\u00e3o sofrendo com a perda, ainda tem que passar pela dificuldade e demora na libera\u00e7\u00e3o dos corpos\u201d. Hoje, o munic\u00edpio tem um m\u00e9dico que atua apenas duas semanas por m\u00eas.<\/p>\n\n\n\n<p>A Diretora garantiu apoio a demanda de nomea\u00e7\u00e3o de mais um m\u00e9dico, ap\u00f3s a libera\u00e7\u00e3o do Governador. Existe um cadastro reserva de concurso que vale at\u00e9 2022, ent\u00e3o assim que for liberada a nomea\u00e7\u00e3o, Marquet se prop\u00f4s a priorizar Santa Rosa.<\/p>\n\n\n\n<p>Em Porto, Anderson tamb\u00e9m visitou o Deputado Ernani Pollo em seu Gabinete. Na oportunidade, tratou sobre demandas de Santa Rosa e do apoio que precisa para que algumas prioridades. A primeira agenda na capital, encerra na sexta a tarde com uma reuni\u00e3o na FEPAM para tratar de mais libera\u00e7\u00f5es para projetos locais.<\/p>\n","protected":false},"excerpt":{"rendered":"<p>Ter mais um m\u00e9dico legista em Santa Rosa \u00e9 uma das pautas priorit\u00e1rias do Prefeito Anderson Mantei. Ter mais um<\/p>\n","protected":false},"author":3,"featured_media":1857,"comment_status":"open","ping_status":"open","sticky":false,"template":"","format":"standard","meta":{"footnotes":""},"categories":[4,3],"tags":[],"class_list":["post-1856","post","type-post","status-publish","format-standard","has-post-thumbnail","hentry","category-noticias","category-gabinete-do-prefeito"],"aioseo_notices":[],"_links":{"self":[{"href":"https:\/\/prefeitura.santarosa.rs.gov.br\/index.php?rest_route=\/wp\/v2\/posts\/1856","targetHints":{"allow":["GET"]}}],"collection":[{"href":"https:\/\/prefeitura.santarosa.rs.gov.br\/index.php?rest_route=\/wp\/v2\/posts"}],"about":[{"href":"https:\/\/prefeitura.santarosa.rs.gov.br\/index.php?rest_route=\/wp\/v2\/types\/post"}],"author":[{"embeddable":true,"href":"https:\/\/prefeitura.santarosa.rs.gov.br\/index.php?rest_route=\/wp\/v2\/users\/3"}],"replies":[{"embeddable":true,"href":"https:\/\/prefeitura.santarosa.rs.gov.br\/index.php?rest_route=%2Fwp%2Fv2%2Fcomments&post=1856"}],"version-history":[{"count":1,"href":"https:\/\/prefeitura.santarosa.rs.gov.br\/index.php?rest_route=\/wp\/v2\/posts\/1856\/revisions"}],"predecessor-version":[{"id":1858,"href":"https:\/\/prefeitura.santarosa.rs.gov.br\/index.php?rest_route=\/wp\/v2\/posts\/1856\/revisions\/1858"}],"wp:featuredmedia":[{"embeddable":true,"href":"https:\/\/prefeitura.santarosa.rs.gov.br\/index.php?rest_route=\/wp\/v2\/media\/1857"}],"wp:attachment":[{"href":"https:\/\/prefeitura.santarosa.rs.gov.br\/index.php?rest_route=%2Fwp%2Fv2%2Fmedia&parent=1856"}],"wp:term":[{"taxonomy":"category","embeddable":true,"href":"https:\/\/prefeitura.santarosa.rs.gov.br\/index.php?rest_route=%2Fwp%2Fv2%2Fcategories&post=1856"},{"taxonomy":"post_tag","embeddable":true,"href":"https:\/\/prefeitura.santarosa.rs.gov.br\/index.php?rest_route=%2Fwp%2Fv2%2Ftags&post=1856"}],"curies":[{"name":"wp","href":"https:\/\/api.w.org\/{rel}","templated":true}]}}