{"id":1853,"date":"2021-01-20T15:26:00","date_gmt":"2021-01-20T18:26:00","guid":{"rendered":"https:\/\/prefeitura.santarosa.rs.gov.br\/?p=1853"},"modified":"2024-10-07T09:55:16","modified_gmt":"2024-10-07T12:55:16","slug":"comecou-a-vacinacao-em-santa-rosa","status":"publish","type":"post","link":"https:\/\/prefeitura.santarosa.rs.gov.br\/?p=1853","title":{"rendered":"Come\u00e7ou a vacina\u00e7\u00e3o em Santa Rosa"},"content":{"rendered":"\n<p>O idoso Rubens Machado do Amarante, de 84 anos, foi a primeira pessoa a ser vacinada em Santa Rosa. A vacina\u00e7\u00e3o come\u00e7ou \u00e0s 7h30min, no Lar do Idoso.<\/p>\n\n\n\n<p>O idoso Rubens Machado do Amarante, de 84 anos, foi a primeira pessoa a ser vacinada em Santa Rosa. A vacina\u00e7\u00e3o come\u00e7ou \u00e0s 7h30min, no Lar do Idoso. Depois de Rubens, foram vacinados profissionais da sa\u00fade. O munic\u00edpio recebeu 1013 vacinas.<br>Os 61 idosos que est\u00e3o no Lar Damas de Caridade come\u00e7aram a ser vacinados nesta quarta-feira (20). Seu Rubens, que mora no asilo h\u00e1 4 anos, foi o primeiro a receber. \u201cBastante feliz\u201d. Assim como ele, todos os idosos de Institui\u00e7\u00f5es de Longa Perman\u00eancia de Santa Rosa v\u00e3o receber a vacina. O presidente da FUMSSAR, D\u00e9lcio Stefan, ressaltou a import\u00e2ncia desse momento. \u201cEsse \u00e9 um grande passo, mas devemos seguir com os cuidados\u201d.<br>Na sequ\u00eancia, a vacina\u00e7\u00e3o come\u00e7ou a ser realizada com os profissionais da sa\u00fade. O m\u00e9dico de Fam\u00edlia e Comunidade, que atende na Unidade Sentinela da Agr\u00edcola, foi o primeiro. \u201cMe sinto muito feliz. \u00c9 um avan\u00e7o e uma supera\u00e7\u00e3o de uma fase muito dif\u00edcil. Esperan\u00e7a para a popula\u00e7\u00e3o\u201d, destaca Roger Silveira, profissional que atua na Funda\u00e7\u00e3o desde 2009. Depois dele receberam a vacina o t\u00e9cnico de enfermagem, Leandro Deuschle, e as enfermeiras Cl\u00e1udia Roncato e Cl\u00e1udia Wizniewsky.<br>Ainda ser\u00e3o vacinados os profissionais que atuam na Unidade Dom Bosco Covid-19, Unidades Sentinela, SAMU, UPA, Unidades B\u00e1sicas de Sa\u00fade e os profissionais das UTI\u2019s do Hospital Vida &amp; Sa\u00fade. A previs\u00e3o \u00e9 que todos estejam vacinados at\u00e9 sexta-feira (22). A segunda dose da vacina deve ocorrer entre duas a quatro semanas depois da primeira. Para qualquer d\u00favida, est\u00e1 dispon\u00edvel para a popula\u00e7\u00e3o o n\u00famero de telefone 55 3511-5222. Em caso de rea\u00e7\u00e3o, em rela\u00e7\u00e3o a vacina, as pessoas devem procurar a UPA.<br><\/p>\n","protected":false},"excerpt":{"rendered":"<p>O idoso Rubens Machado do Amarante, de 84 anos, foi a primeira pessoa a ser vacinada em Santa Rosa. A<\/p>\n","protected":false},"author":3,"featured_media":1854,"comment_status":"open","ping_status":"open","sticky":false,"template":"","format":"standard","meta":{"footnotes":""},"categories":[6,4,8],"tags":[],"class_list":["post-1853","post","type-post","status-publish","format-standard","has-post-thumbnail","hentry","category-covid-19","category-noticias","category-noticias-fumssar"],"aioseo_notices":[],"_links":{"self":[{"href":"https:\/\/prefeitura.santarosa.rs.gov.br\/index.php?rest_route=\/wp\/v2\/posts\/1853","targetHints":{"allow":["GET"]}}],"collection":[{"href":"https:\/\/prefeitura.santarosa.rs.gov.br\/index.php?rest_route=\/wp\/v2\/posts"}],"about":[{"href":"https:\/\/prefeitura.santarosa.rs.gov.br\/index.php?rest_route=\/wp\/v2\/types\/post"}],"author":[{"embeddable":true,"href":"https:\/\/prefeitura.santarosa.rs.gov.br\/index.php?rest_route=\/wp\/v2\/users\/3"}],"replies":[{"embeddable":true,"href":"https:\/\/prefeitura.santarosa.rs.gov.br\/index.php?rest_route=%2Fwp%2Fv2%2Fcomments&post=1853"}],"version-history":[{"count":1,"href":"https:\/\/prefeitura.santarosa.rs.gov.br\/index.php?rest_route=\/wp\/v2\/posts\/1853\/revisions"}],"predecessor-version":[{"id":1855,"href":"https:\/\/prefeitura.santarosa.rs.gov.br\/index.php?rest_route=\/wp\/v2\/posts\/1853\/revisions\/1855"}],"wp:featuredmedia":[{"embeddable":true,"href":"https:\/\/prefeitura.santarosa.rs.gov.br\/index.php?rest_route=\/wp\/v2\/media\/1854"}],"wp:attachment":[{"href":"https:\/\/prefeitura.santarosa.rs.gov.br\/index.php?rest_route=%2Fwp%2Fv2%2Fmedia&parent=1853"}],"wp:term":[{"taxonomy":"category","embeddable":true,"href":"https:\/\/prefeitura.santarosa.rs.gov.br\/index.php?rest_route=%2Fwp%2Fv2%2Fcategories&post=1853"},{"taxonomy":"post_tag","embeddable":true,"href":"https:\/\/prefeitura.santarosa.rs.gov.br\/index.php?rest_route=%2Fwp%2Fv2%2Ftags&post=1853"}],"curies":[{"name":"wp","href":"https:\/\/api.w.org\/{rel}","templated":true}]}}